{"id":344761,"date":"2025-08-26T08:37:10","date_gmt":"2025-08-26T08:37:10","guid":{"rendered":"https:\/\/www.europesays.com\/fr\/344761\/"},"modified":"2025-08-26T08:37:10","modified_gmt":"2025-08-26T08:37:10","slug":"usbek-rica-aux-etats-unis-des-supremacistes-etablissent-une-communaute-reservee-aux-blancs","status":"publish","type":"post","link":"https:\/\/www.europesays.com\/fr\/344761\/","title":{"rendered":"Usbek &#038; Rica &#8211; Aux \u00c9tats-Unis, des supr\u00e9macistes \u00e9tablissent une communaut\u00e9 r\u00e9serv\u00e9e aux Blancs"},"content":{"rendered":"<p>\u00c0 ce jour, Return to the Land ne fait l\u2019objet d\u2019aucune poursuite judiciaire. Et pour cause\u00a0: Eric Orwoll et Peter Csere affirment s\u2019appuyer sur une disposition de l\u2019Arkansas sur le \u00ab\u00a0logement \u00e9quitable\u00a0\u00bb (<a target=\"_blank\" href=\"https:\/\/ig.arkansas.gov\/fair-housing\/\" rel=\"nofollow noopener\">Fair Housing Act<\/a>), qui pr\u00e9voit que les associations priv\u00e9es et les groupes religieux puissent privil\u00e9gier les membres de leur communaut\u00e9 en mati\u00e8re d\u2019habitat. Une r\u00e8gle qui vise \u00e0 permettre \u00e0 certaines \u00e9glises de proposer un logement aux membres du clerg\u00e9 directement sur leur propri\u00e9t\u00e9\u2026 mais qui n\u2019autorise en aucun cas les discriminations, comme l\u2019explique au New York Times John Relman, avocat sp\u00e9cialis\u00e9 dans les droits civiques.<\/p>\n<p>Pour ce dernier, \u00ab\u00a0il s\u2019agit l\u00e0 d\u2019une preuve irr\u00e9futable de discrimination intentionnelle\u00a0\u00bb, ce qui pourrait justifier des poursuites non seulement en vertu de cette loi locale, mais aussi de la loi f\u00e9d\u00e9rale sur les droits civiques de 1866. \u00ab\u00a0Les lois f\u00e9d\u00e9rales et \u00e9tatiques, y compris la loi sur le logement \u00e9quitable, interdisent la discrimination en mati\u00e8re de logement fond\u00e9e sur l\u2019origine ethnique, point final\u00a0\u00bb, corrobore ReNika Moore, directrice du programme de justice raciale au sein de la prestigieuse <a target=\"_blank\" href=\"https:\/\/fr.wikipedia.org\/wiki\/Union_am%C3%A9ricaine_pour_les_libert%C3%A9s_civiles#:~:text=L&#039;Union%20am%C3%A9ricaine%20pour%20les,pays%20par%20la%20Constitution%20et\" rel=\"nofollow noopener\">Union am\u00e9ricaine pour les libert\u00e9s civiles<\/a> (ACLU).<\/p>\n<p>Pour l\u2019heure, seul <a target=\"_blank\" href=\"https:\/\/fr.wikipedia.org\/wiki\/Tim_Griffin\" rel=\"nofollow noopener\">Tim Griffin<\/a>, procureur g\u00e9n\u00e9ral de l\u2019Arkansas, a ouvert une enqu\u00eate sur ces potentielles violations, dans le sillon des premiers articles parus dans la presse cet \u00e9t\u00e9. Selon son cabinet, la proc\u00e9dure \u00ab\u00a0suit son cours\u00a0\u00bb. Membre du Parti r\u00e9publicain, ce dernier concentre pourtant une partie des espoirs d\u2019Eric Orwoll et Peter Csere pour \u00e9chapper \u00e0 tout s\u00e9vice\u00a0: les deux entrepreneurs assument de \u00ab\u00a0battre le fer tant qu\u2019il est encore chaud\u00a0\u00bb, comptant sur un \u00ab\u00a0climat culturel et juridique favorable\u00a0\u00bb depuis le retour au pouvoir de <a target=\"_blank\" href=\"https:\/\/usbeketrica.com\/fr\/article\/terreur-chez-les-scientifiques-americains-trump-est-litteralement-en-train-d-effacer-notre-travail\" rel=\"nofollow noopener\">Donald Trump<\/a>. \u00ab\u00a0Ils consid\u00e8rent que le moment est particuli\u00e8rement opportun, [puisqu\u2019ils] voient dans l\u2019occupant de la Maison-Blanche un de leurs amis\u00a0\u00bb, estime Peter Simi, professeur de sociologie \u00e0 l\u2019universit\u00e9 Chapman en Californie.<\/p>\n<p>Propri\u00e9t\u00e9 fortifi\u00e9e<\/p>\n<p>Car m\u00eame si le pr\u00e9sident am\u00e9ricain n\u2019a pas officiellement r\u00e9agi \u00e0 l\u2019affaire, le New York Times voit dans cette affaire le signal faible d\u2019une tendance r\u00e9actionnaire plus large, les tentations s\u00e9cessionnistes et supr\u00e9macistes prolif\u00e9rant depuis les <a target=\"_blank\" href=\"https:\/\/www.amnesty.fr\/actualites\/etats-unis-donald-trump-signe-une-serie-de-decrets-anti-droits\" rel=\"nofollow noopener\">premiers d\u00e9crets anti-migrants et anti-diversit\u00e9 ent\u00e9rin\u00e9s par Trump en janvier 2025<\/a>. Envoy\u00e9e sur place, la journaliste du New York Times Debra Kamin raconte avoir eu droit \u00e0 une visite guid\u00e9e mais \u00ab\u00a0restreinte\u00a0\u00bb de la part d\u2019Eric Orwoll, qui lui a donn\u00e9 un aper\u00e7u de sa propri\u00e9t\u00e9 fortifi\u00e9e, \u00ab\u00a0coup\u00e9e du monde\u00a0\u00bb mais n\u00e9anmoins \u00e9quip\u00e9e de la fibre optique, d\u2019un climatiseur et d\u2019une large biblioth\u00e8que \u2013 o\u00f9 tr\u00f4ne, entre autres, <a target=\"_blank\" href=\"https:\/\/usbeketrica.com\/fr\/article\/aux-etats-unis-les-neo-nazis-mettent-les-bouchees-doubles-sur-l-ia\" rel=\"nofollow noopener\">Mein Kampf<\/a>.<\/p>\n","protected":false},"excerpt":{"rendered":"\u00c0 ce jour, Return to the Land ne fait l\u2019objet d\u2019aucune poursuite judiciaire. Et pour cause\u00a0: Eric Orwoll&hellip;\n","protected":false},"author":2,"featured_media":344762,"comment_status":"","ping_status":"","sticky":false,"template":"","format":"standard","meta":{"footnotes":""},"categories":[1589],"tags":[11,73,1866,12,1864,1865,1863,308],"class_list":{"0":"post-344761","1":"post","2":"type-post","3":"status-publish","4":"format-standard","5":"has-post-thumbnail","7":"category-etats-unis","8":"tag-actualites","9":"tag-etats-unis","10":"tag-etats-unis-damerique","11":"tag-news","12":"tag-united-states","13":"tag-united-states-of-america","14":"tag-us","15":"tag-usa"},"share_on_mastodon":{"url":"https:\/\/pubeurope.com\/@fr\/115094162256965614","error":""},"_links":{"self":[{"href":"https:\/\/www.europesays.com\/fr\/wp-json\/wp\/v2\/posts\/344761","targetHints":{"allow":["GET"]}}],"collection":[{"href":"https:\/\/www.europesays.com\/fr\/wp-json\/wp\/v2\/posts"}],"about":[{"href":"https:\/\/www.europesays.com\/fr\/wp-json\/wp\/v2\/types\/post"}],"author":[{"embeddable":true,"href":"https:\/\/www.europesays.com\/fr\/wp-json\/wp\/v2\/users\/2"}],"replies":[{"embeddable":true,"href":"https:\/\/www.europesays.com\/fr\/wp-json\/wp\/v2\/comments?post=344761"}],"version-history":[{"count":0,"href":"https:\/\/www.europesays.com\/fr\/wp-json\/wp\/v2\/posts\/344761\/revisions"}],"wp:featuredmedia":[{"embeddable":true,"href":"https:\/\/www.europesays.com\/fr\/wp-json\/wp\/v2\/media\/344762"}],"wp:attachment":[{"href":"https:\/\/www.europesays.com\/fr\/wp-json\/wp\/v2\/media?parent=344761"}],"wp:term":[{"taxonomy":"category","embeddable":true,"href":"https:\/\/www.europesays.com\/fr\/wp-json\/wp\/v2\/categories?post=344761"},{"taxonomy":"post_tag","embeddable":true,"href":"https:\/\/www.europesays.com\/fr\/wp-json\/wp\/v2\/tags?post=344761"}],"curies":[{"name":"wp","href":"https:\/\/api.w.org\/{rel}","templated":true}]}}