{"id":344765,"date":"2025-08-26T08:39:10","date_gmt":"2025-08-26T08:39:10","guid":{"rendered":"https:\/\/www.europesays.com\/fr\/344765\/"},"modified":"2025-08-26T08:39:10","modified_gmt":"2025-08-26T08:39:10","slug":"lallemagne-va-reprendre-laccueil-des-afghans-vulnerables-apres-des-pressions-juridiques-et-diplomatiques","status":"publish","type":"post","link":"https:\/\/www.europesays.com\/fr\/344765\/","title":{"rendered":"L&rsquo;Allemagne va reprendre l&rsquo;accueil des Afghans vuln\u00e9rables apr\u00e8s des pressions juridiques et diplomatiques"},"content":{"rendered":"<p>L&rsquo;Allemagne s&rsquo;appr\u00eate \u00e0 mettre fin \u00e0 la suspension, qui durait depuis plusieurs mois, de l&rsquo;entr\u00e9e sur son territoire des ressortissants afghans vuln\u00e9rables qu&rsquo;elle s&rsquo;\u00e9tait engag\u00e9e \u00e0 accueillir, rapporte le journal Welt ce mardi. Cette d\u00e9cision intervient \u00e0 la suite d&rsquo;une pression juridique croissante dans le pays et d&rsquo;une intensification des expulsions par les autorit\u00e9s pakistanaises.<\/p>\n<p>Environ 2\u00a0000 Afghans, approuv\u00e9s pour une relocalisation en Allemagne dans le cadre d&rsquo;un programme destin\u00e9 aux personnes jug\u00e9es \u00e0 risque sous le r\u00e9gime taliban, sont bloqu\u00e9s depuis des mois au Pakistan voisin, Berlin ayant gel\u00e9 le dispositif dans le but de limiter la migration.<\/p>\n<p>Des groupes de d\u00e9fense des droits humains ainsi que des dizaines d&rsquo;Afghans concern\u00e9s ont contest\u00e9 ce gel devant les tribunaux, certains obtenant gain de cause, ce qui a accru la pression sur le gouvernement allemand pour qu&rsquo;il agisse.<\/p>\n<p>L&rsquo;urgence s&rsquo;est accentu\u00e9e alors que le Pakistan s&rsquo;appr\u00eate \u00e0 expulser des r\u00e9fugi\u00e9s afghans document\u00e9s avant la date limite du 1er septembre, y compris ceux inscrits dans le programme de relocalisation allemand.<\/p>\n<p>Selon Welt, citant des sources gouvernementales, les familles concern\u00e9es ont d\u00e9j\u00e0 \u00e9t\u00e9 inform\u00e9es de la reprise du programme, et les premi\u00e8res familles afghanes devraient arriver en Allemagne dans les prochains jours.<\/p>\n<p>Le gouvernement pr\u00e9voit de relocaliser ces Afghans discr\u00e8tement, en utilisant des vols commerciaux r\u00e9guliers avec escale \u00e0 Duba\u00ef ou Istanbul avant d&rsquo;atteindre l&rsquo;Allemagne. Le nombre exact de personnes actuellement autoris\u00e9es \u00e0 partir reste incertain, ajoute le journal.<\/p>\n<p>Le minist\u00e8re des Affaires \u00e9trang\u00e8res a simplement confirm\u00e9 que les proc\u00e9dures de v\u00e9rification reprenaient et que du personnel avait \u00e9t\u00e9 d\u00e9ploy\u00e9 au Pakistan pour poursuivre le traitement des dossiers.<\/p>\n<p>Les minist\u00e8res des Affaires \u00e9trang\u00e8res et de l&rsquo;Int\u00e9rieur n&rsquo;\u00e9taient pas imm\u00e9diatement disponibles pour commenter.<\/p>\n<p>(Reportage de Riham Alkousaa, \u00e9dit\u00e9 par Miranda Murray)<\/p>\n","protected":false},"excerpt":{"rendered":"L&rsquo;Allemagne s&rsquo;appr\u00eate \u00e0 mettre fin \u00e0 la suspension, qui durait depuis plusieurs mois, de l&rsquo;entr\u00e9e sur son territoire&hellip;\n","protected":false},"author":2,"featured_media":344766,"comment_status":"","ping_status":"","sticky":false,"template":"","format":"standard","meta":{"footnotes":""},"categories":[1587],"tags":[11,672,340,1804,1805,1803,1777,674,1801,12,1802],"class_list":{"0":"post-344765","1":"post","2":"type-post","3":"status-publish","4":"format-standard","5":"has-post-thumbnail","7":"category-allemagne","8":"tag-actualites","9":"tag-allemagne","10":"tag-bourse","11":"tag-bundesrepublik-deutschland","12":"tag-de","13":"tag-deutschland","14":"tag-eu","15":"tag-europe","16":"tag-germany","17":"tag-news","18":"tag-republique-federale-dallemagne"},"share_on_mastodon":{"url":"https:\/\/pubeurope.com\/@fr\/115094170203364091","error":""},"_links":{"self":[{"href":"https:\/\/www.europesays.com\/fr\/wp-json\/wp\/v2\/posts\/344765","targetHints":{"allow":["GET"]}}],"collection":[{"href":"https:\/\/www.europesays.com\/fr\/wp-json\/wp\/v2\/posts"}],"about":[{"href":"https:\/\/www.europesays.com\/fr\/wp-json\/wp\/v2\/types\/post"}],"author":[{"embeddable":true,"href":"https:\/\/www.europesays.com\/fr\/wp-json\/wp\/v2\/users\/2"}],"replies":[{"embeddable":true,"href":"https:\/\/www.europesays.com\/fr\/wp-json\/wp\/v2\/comments?post=344765"}],"version-history":[{"count":0,"href":"https:\/\/www.europesays.com\/fr\/wp-json\/wp\/v2\/posts\/344765\/revisions"}],"wp:featuredmedia":[{"embeddable":true,"href":"https:\/\/www.europesays.com\/fr\/wp-json\/wp\/v2\/media\/344766"}],"wp:attachment":[{"href":"https:\/\/www.europesays.com\/fr\/wp-json\/wp\/v2\/media?parent=344765"}],"wp:term":[{"taxonomy":"category","embeddable":true,"href":"https:\/\/www.europesays.com\/fr\/wp-json\/wp\/v2\/categories?post=344765"},{"taxonomy":"post_tag","embeddable":true,"href":"https:\/\/www.europesays.com\/fr\/wp-json\/wp\/v2\/tags?post=344765"}],"curies":[{"name":"wp","href":"https:\/\/api.w.org\/{rel}","templated":true}]}}