{"id":344771,"date":"2025-08-26T08:42:10","date_gmt":"2025-08-26T08:42:10","guid":{"rendered":"https:\/\/www.europesays.com\/fr\/344771\/"},"modified":"2025-08-26T08:42:10","modified_gmt":"2025-08-26T08:42:10","slug":"lfi-deposera-une-motion-de-destitution-visant-emmanuel-macron-le-23-septembre-annonce-jean-luc-melenchon","status":"publish","type":"post","link":"https:\/\/www.europesays.com\/fr\/344771\/","title":{"rendered":"LFI d\u00e9posera une motion de destitution visant Emmanuel Macron le 23 septembre, annonce Jean-Luc M\u00e9lenchon"},"content":{"rendered":"<p>L\u2019ann\u00e9e derni\u00e8re, les m\u00e9lenchonistes avaient d\u00e9j\u00e0 tent\u00e9 \u2013 sans succ\u00e8s \u2013 de renverser le pr\u00e9sident de la R\u00e9publique en passant par la voie parlementaire.<\/p>\n<p class=\"fig-paragraph\">Pour le leader de La France insoumise, la \u00abseule solution pacifique, d\u00e9mocratique et r\u00e9publicaine\u00bb est le d\u00e9part d\u2019Emmanuel Macron. C\u2019est pourquoi les m\u00e9lenchonistes d\u00e9poseront le 23 septembre prochain une\u00a0<a href=\"http:\/\/www.lefigaro.fr\/politique\/une-reponse-politique-a-la-hauteur-du-coup-de-force-antidemocratique-lfi-a-depose-la-procedure-de-destitution-visant-emmanuel-macron-20240903\" target=\"_blank\" data-fig-type=\"Article\" rel=\"noopener\" data-gtm-custom-categorie=\"navigation\" data-gtm-custom-action=\"crossclick\" data-gtm-custom-label=\"Contextuel\" data-gtm-event=\"customEventSPE\" data-fig-domain=\"LEFIGARO\">proc\u00e9dure de destitution<\/a>\u00a0visant le pr\u00e9sident de la R\u00e9publique. L\u2019ann\u00e9e derni\u00e8re, ils avaient d\u00e9j\u00e0 tent\u00e9 \u2013 sans succ\u00e8s \u2013 de le renverser en passant par la voie parlementaire.<\/p>\n<p class=\"fig-paragraph\">\u00abIl faut aller \u00e0 la cause, Monsieur Bayrou n\u2019est pas le responsable de la situation dans laquelle il se trouve\u00bb, a estim\u00e9\u00a0<a href=\"http:\/\/www.lefigaro.fr\/politique\/pourquoi-la-gauche-melenchon-en-tete-mise-gros-sur-le-10-septembre-20250825\" data-fig-type=\"Article\" data-gtm-custom-categorie=\"navigation\" data-gtm-custom-action=\"crossclick\" data-gtm-custom-label=\"Contextuel\" data-gtm-event=\"customEventSPE\" data-fig-domain=\"LEFIGARO\" target=\"_blank\" rel=\"noopener\">Jean-Luc M\u00e9lenchon<\/a>\u00a0au micro de France Inter, saluant au passage la d\u00e9cision \u00abdigne\u00bb du premier ministre de solliciter un vote de confiance \u00e0 l\u2019Assembl\u00e9e nationale. \u00abLa roue de l\u2019histoire est en mouvement\u00bb, a lanc\u00e9 le triple candidat \u00e0 l\u2019\u00e9lection pr\u00e9sidentielle, qui \u00e9voque une \u00abcrise de r\u00e9gime\u00bb et effectue un parall\u00e8le entre la situation actuelle et 1788 ou 1957.<\/p>\n<p>                                    <a class=\"fig-a11y-skip a11y-hidden\" href=\"#fig-a11y-skip-main-inarticle\"><br \/>\n        Passer la publicit\u00e9<br \/>\n    <\/a><\/p>\n<p class=\"fig-paragraph\">Face \u00e0 cette \u00abbifurcation de l\u2019histoire\u00bb, l\u2019Insoumis est persuad\u00e9 que le chef de l\u2019\u00c9tat \u00abpartira\u00bb. En cas d\u2019\u00e9lection pr\u00e9sidentielle anticip\u00e9e, \u00abil y aura une candidature insoumise et elle gagnera\u00bb, a assur\u00e9 Jean-Luc M\u00e9lenchon, pr\u00e9cisant que sa propre\u00a0<a href=\"http:\/\/www.lefigaro.fr\/politique\/presidentielle-2027-au-second-tour-l-impasse-strategique-de-jean-luc-melenchon-20250811\" data-fig-type=\"Article\" data-gtm-custom-categorie=\"navigation\" data-gtm-custom-action=\"crossclick\" data-gtm-custom-label=\"Contextuel\" data-gtm-event=\"customEventSPE\" data-fig-domain=\"LEFIGARO\" target=\"_blank\" rel=\"noopener\">candidature<\/a>\u00a0\u00abne va pas de soi\u00bb.<\/p>\n","protected":false},"excerpt":{"rendered":"L\u2019ann\u00e9e derni\u00e8re, les m\u00e9lenchonistes avaient d\u00e9j\u00e0 tent\u00e9 \u2013 sans succ\u00e8s \u2013 de renverser le pr\u00e9sident de la R\u00e9publique&hellip;\n","protected":false},"author":2,"featured_media":344772,"comment_status":"","ping_status":"","sticky":false,"template":"","format":"standard","meta":{"footnotes":""},"categories":[2],"tags":[11,9006,1073,1011,27,431,3081,12,25],"class_list":{"0":"post-344771","1":"post","2":"type-post","3":"status-publish","4":"format-standard","5":"has-post-thumbnail","7":"category-actualites","8":"tag-actualites","9":"tag-censure","10":"tag-emmanuel-macron","11":"tag-fr","12":"tag-france","13":"tag-francois-bayrou","14":"tag-jean-luc-melenchon","15":"tag-news","16":"tag-republique-francaise"},"share_on_mastodon":{"url":"https:\/\/pubeurope.com\/@fr\/115094181947368090","error":""},"_links":{"self":[{"href":"https:\/\/www.europesays.com\/fr\/wp-json\/wp\/v2\/posts\/344771","targetHints":{"allow":["GET"]}}],"collection":[{"href":"https:\/\/www.europesays.com\/fr\/wp-json\/wp\/v2\/posts"}],"about":[{"href":"https:\/\/www.europesays.com\/fr\/wp-json\/wp\/v2\/types\/post"}],"author":[{"embeddable":true,"href":"https:\/\/www.europesays.com\/fr\/wp-json\/wp\/v2\/users\/2"}],"replies":[{"embeddable":true,"href":"https:\/\/www.europesays.com\/fr\/wp-json\/wp\/v2\/comments?post=344771"}],"version-history":[{"count":0,"href":"https:\/\/www.europesays.com\/fr\/wp-json\/wp\/v2\/posts\/344771\/revisions"}],"wp:featuredmedia":[{"embeddable":true,"href":"https:\/\/www.europesays.com\/fr\/wp-json\/wp\/v2\/media\/344772"}],"wp:attachment":[{"href":"https:\/\/www.europesays.com\/fr\/wp-json\/wp\/v2\/media?parent=344771"}],"wp:term":[{"taxonomy":"category","embeddable":true,"href":"https:\/\/www.europesays.com\/fr\/wp-json\/wp\/v2\/categories?post=344771"},{"taxonomy":"post_tag","embeddable":true,"href":"https:\/\/www.europesays.com\/fr\/wp-json\/wp\/v2\/tags?post=344771"}],"curies":[{"name":"wp","href":"https:\/\/api.w.org\/{rel}","templated":true}]}}