{"id":344776,"date":"2025-08-26T08:46:15","date_gmt":"2025-08-26T08:46:15","guid":{"rendered":"https:\/\/www.europesays.com\/fr\/344776\/"},"modified":"2025-08-26T08:46:15","modified_gmt":"2025-08-26T08:46:15","slug":"les-pirates-de-royan-saffutent-pour-repartir-a-labordage","status":"publish","type":"post","link":"https:\/\/www.europesays.com\/fr\/344776\/","title":{"rendered":"les Pirates de Royan s\u2019aff\u00fbtent pour repartir \u00e0 l\u2019abordage"},"content":{"rendered":"<p>\u00ab\u00a0Nous avons le groupe pour jouer les premiers r\u00f4les.\u00a0\u00bb David Guelle, pr\u00e9sident et passeur des volleyeurs royannais, en est persuad\u00e9. Son \u00e9quipe fera mieux que lors de la saison pr\u00e9c\u00e9dente. \u00ab\u00a0Nous avons recrut\u00e9 des joueurs ambitieux et jeunes qui seront tous professionnels, contrairement aux saisons pr\u00e9c\u00e9dentes, et nous avons renforc\u00e9 notre encadrement. Je demeure certain que nous avons beaucoup appris lors de cet exercice rat\u00e9\u00a0\u00bb, convient le coach Gr\u00e9gory Alleix. Celui-ci sera \u2014 une nouveaut\u00e9 \u2014 second\u00e9 par un adjoint, Benjamin Meyer, et un \u00ab\u00a0consultant\u00a0\u00bb, l\u2019ancien joueur Tch\u00e9ni P\u00e9tro.<\/p>\n<p>Lundi 25\u00a0ao\u00fbt, le groupe \u2013 dont ses six recrues (1) \u2013 s\u2019est retrouv\u00e9 \u00e0 l\u2019espace Cordouan pour cette nouvelle saison. \u00ab\u00a0Nous sommes en stage \u00e0 quelques m\u00e8tres de notre salle f\u00e9tiche. Et la priorit\u00e9 de la semaine, c\u2019est la coh\u00e9sion du groupe\u00a0\u00bb, continue Gr\u00e9gory Alleix. Les joueurs vont donc vivre ensemble 24 heures sur 24 cette semaine. Histoire de donner une \u00e2me \u00e0 ce groupe, le coach a concoct\u00e9 un programme sp\u00e9cifique\u00a0: \u00ab\u00a0Ils vont jouer au ballon mais ne feront pas de sauts pendant deux semaines. Ils vont aussi pratiquer des disciplines diff\u00e9rentes comme le beach rugby, l\u2019ultimate et m\u00eame le longe-c\u00f4te.\u00a0\u00bb<\/p>\n<p>Un Tournoi \u00e0 Royan<\/p>\n<p>Le club semble plus op\u00e9rationnel \u00e0 l\u2019heure d\u2019aborder cette troisi\u00e8me saison en Ligue B. \u00c0 titre d\u2019exemple, le capitaine a d\u2019ores et d\u00e9j\u00e0 \u00e9t\u00e9 d\u00e9sign\u00e9\u00a0: Gauthier Bonnefoy, qui assumait ce r\u00f4le \u00e0 Saint-Jean-d\u2019Illac (Ligue B), portera le brassard. Avant de reprendre la comp\u00e9tition, le mardi 21\u00a0octobre \u00e0 l\u2019Espace Cordouan face \u00e0 Rennes, les Royannais disputeront 5 rencontres de pr\u00e9paration \u00e0 Saint-Jean-d\u2019Illac face \u00e0 l\u2019\u00e9quipe locale (samedi 13\u00a0septembre), \u00e0 Royan face \u00e0 Rennes (samedi 11\u00a0octobre &#8211; le match retour est pr\u00e9vu en Bretagne le jeudi 16\u00a0octobre).<\/p>\n<p>Les Pirates organiseront aussi vendredi\u00a019 et samedi 20\u00a0septembre la premi\u00e8re \u00e9dition du troph\u00e9e de l\u2019Atlantique \u00e0 l\u2019espace Cordouan face \u00e0 Saint-Nazaire (Marmara SpikeLeague, Ligue A), Toulouse (Marmara SpikeLeague, Ligue A) et Saint-Jean-d\u2019Illac (Ligue B).<\/p>\n<p>(1) Mathias Loupias (central, Rez\u00e9), Cheickh Diop (pointu, Chaumont), Matchello Gabali (r\u00e9ceptionneur-attaquant, Amiens), Gauthier Bonnefoy (r\u00e9ceptionneur-attaquant) et Liam Varier (passeur, Saint-Nazaire). Zahiane Quellec sera co\u00e9quipier d\u2019entra\u00eenement.<\/p>\n","protected":false},"excerpt":{"rendered":"\u00ab\u00a0Nous avons le groupe pour jouer les premiers r\u00f4les.\u00a0\u00bb David Guelle, pr\u00e9sident et passeur des volleyeurs royannais, en&hellip;\n","protected":false},"author":2,"featured_media":344777,"comment_status":"","ping_status":"","sticky":false,"template":"","format":"standard","meta":{"footnotes":""},"categories":[1417],"tags":[1011,27,60,1470,1469],"class_list":{"0":"post-344776","1":"post","2":"type-post","3":"status-publish","4":"format-standard","5":"has-post-thumbnail","7":"category-volley","8":"tag-fr","9":"tag-france","10":"tag-sports","11":"tag-volley","12":"tag-volleyball"},"share_on_mastodon":{"url":"https:\/\/pubeurope.com\/@fr\/115094198523940659","error":""},"_links":{"self":[{"href":"https:\/\/www.europesays.com\/fr\/wp-json\/wp\/v2\/posts\/344776","targetHints":{"allow":["GET"]}}],"collection":[{"href":"https:\/\/www.europesays.com\/fr\/wp-json\/wp\/v2\/posts"}],"about":[{"href":"https:\/\/www.europesays.com\/fr\/wp-json\/wp\/v2\/types\/post"}],"author":[{"embeddable":true,"href":"https:\/\/www.europesays.com\/fr\/wp-json\/wp\/v2\/users\/2"}],"replies":[{"embeddable":true,"href":"https:\/\/www.europesays.com\/fr\/wp-json\/wp\/v2\/comments?post=344776"}],"version-history":[{"count":0,"href":"https:\/\/www.europesays.com\/fr\/wp-json\/wp\/v2\/posts\/344776\/revisions"}],"wp:featuredmedia":[{"embeddable":true,"href":"https:\/\/www.europesays.com\/fr\/wp-json\/wp\/v2\/media\/344777"}],"wp:attachment":[{"href":"https:\/\/www.europesays.com\/fr\/wp-json\/wp\/v2\/media?parent=344776"}],"wp:term":[{"taxonomy":"category","embeddable":true,"href":"https:\/\/www.europesays.com\/fr\/wp-json\/wp\/v2\/categories?post=344776"},{"taxonomy":"post_tag","embeddable":true,"href":"https:\/\/www.europesays.com\/fr\/wp-json\/wp\/v2\/tags?post=344776"}],"curies":[{"name":"wp","href":"https:\/\/api.w.org\/{rel}","templated":true}]}}