{"id":344778,"date":"2025-08-26T08:47:11","date_gmt":"2025-08-26T08:47:11","guid":{"rendered":"https:\/\/www.europesays.com\/fr\/344778\/"},"modified":"2025-08-26T08:47:11","modified_gmt":"2025-08-26T08:47:11","slug":"top-14-la-tuile-avant-la-reprise-lubb-tremble-pour-lun-de-ses-internationaux","status":"publish","type":"post","link":"https:\/\/www.europesays.com\/fr\/344778\/","title":{"rendered":"TOP 14. La tuile avant la reprise : l&rsquo;UBB tremble pour l&rsquo;un de ses internationaux"},"content":{"rendered":"<p data-start=\"1264\" data-end=\"1516\">C\u2019\u00e9tait cens\u00e9 \u00eatre une simple mise en jambe estivale. Un match de pr\u00e9pa pour se remettre en route. Mais pour l\u2019UBB, le d\u00e9placement \u00e0 Soyaux-<a href=\"https:\/\/www.lerugbynistere.fr\/clubs\/sa-xv.php\" ui-sref=\"app.team({teamId: 123})\" alt=\"Angoul\u00eame\" data-route=\"app.team\" data-param=\"teamId\" data-id=\"123\" rel=\"nofollow noopener\" target=\"_blank\">Angoul\u00eame<\/a> (victoire 29-14) a surtout laiss\u00e9 une question en suspens : <strong data-start=\"1474\" data-end=\"1516\">que s\u2019est-il pass\u00e9 avec <a href=\"https:\/\/www.lerugbynistere.fr\/fiches-joueurs\/romain-buros.php\" ui-sref=\"app.player({playerId: 2670})\" alt=\"Romain Buros\" data-route=\"app.player\" data-param=\"playerId\" data-id=\"2670\" rel=\"nofollow noopener\" target=\"_blank\">Romain Buros<\/a> ?<\/strong><\/p>\n<p data-start=\"1264\" data-end=\"1516\"><strong data-start=\"1474\" data-end=\"1516\"><a class=\"inserer_lien_article\" href=\"https:\/\/www.lerugbynistere.fr\/news\/top-14-on-est-trop-loin-dune-decision-pour-le-moment-baptiste-serin-et-le-rct-discutent-pour-une-prolongation-2508251842.php\" data-id=\"45922\" data-route=\"app.article\" data-param=\"articleId\" ui-sref=\"app.article({articleId: 45922})\" alt=\"TOP 14. &#039;&#039;On est trop loin d&#039;une d\u00e9cision pour le moment&#039;&#039; : Baptiste Serin et le RCT discutent pour une prolongation\" title=\"TOP 14. &#039;&#039;On est trop loin d&#039;une d\u00e9cision pour le moment&#039;&#039; : Baptiste Serin et le RCT discutent pour une prolongation\" rel=\"nofollow noopener\" target=\"_blank\"><img decoding=\"async\" src=\"https:\/\/www.europesays.com\/fr\/wp-content\/uploads\/2025\/08\/baptiste-serin-en-discussion-avec-toulon-25-08-25-5374.jpg\" alt=\"TOP 14. ''On est trop loin d'une d\u00e9cision pour le moment'' : Baptiste Serin et le RCT discutent pour une prolongation\"\/>TOP 14. \u00a0\u00bbOn est trop loin d&rsquo;une d\u00e9cision pour le moment\u00a0\u00bb : Baptiste Serin et le RCT discutent pour une prolongation<\/a><\/strong><\/p>\n<p>Une alerte au pire moment<\/p>\n<p data-start=\"1549\" data-end=\"1910\">Le sc\u00e9nario est brutal : annonc\u00e9 titulaire \u00e0 l\u2019arri\u00e8re, <strong data-start=\"1605\" data-end=\"1647\">Buros d\u00e9clare forfait \u00e0 l\u2019\u00e9chauffement<\/strong>. Une douleur au mollet, ressentie dans les derni\u00e8res courses. Suffisante pour que le staff sorte imm\u00e9diatement son num\u00e9ro 15 de la feuille. Mousqu\u00e8s a gliss\u00e9 \u00e0 l\u2019arri\u00e8re, Deram a \u00e9t\u00e9 lanc\u00e9 d\u2019entr\u00e9e \u00e0 l\u2019aile. Et Buros, lui, a regard\u00e9 le match depuis les tribunes.<\/p>\n<blockquote class=\"twitter-tweet\"><p>&#13;<\/p>\n<p lang=\"fr\" dir=\"ltr\">\ud83c\udfc9 Les Espoirs de l&rsquo;UBB se sont montr\u00e9s \u00e0 leur avantage lors du premier match de pr\u00e9paration des girondins \u00e0 Angoul\u00eame avec un magnifique essai 100% jeunesse du trio <a href=\"https:\/\/www.lerugbynistere.fr\/fiches-joueurs\/wilfried-rodrigues.php\" ui-sref=\"app.player({playerId: 3369})\" alt=\"Valentin Hutteau\" data-route=\"app.player\" data-param=\"playerId\" data-id=\"3369\" rel=\"nofollow noopener\" target=\"_blank\">Valentin Hutteau<\/a>, <a href=\"https:\/\/www.lerugbynistere.fr\/fiches-joueurs\/joseph-laharrague.php\" ui-sref=\"app.player({playerId: 16065})\" alt=\"Joseph Laharrague\" data-route=\"app.player\" data-param=\"playerId\" data-id=\"16065\" rel=\"nofollow noopener\" target=\"_blank\">Joseph Laharrague<\/a> et <a href=\"https:\/\/www.lerugbynistere.fr\/fiches-joueurs\/peio-mousques.php\" ui-sref=\"app.player({playerId: 13364})\" alt=\"Xan Mousques\" data-route=\"app.player\" data-param=\"playerId\" data-id=\"13364\" rel=\"nofollow noopener\" target=\"_blank\">Xan Mousques<\/a> \ud83d\ude0d<br \/>\ud83c\udfa5 Club<a href=\"https:\/\/twitter.com\/hashtag\/Rugby?src=hash&amp;ref_src=twsrc%5Etfw\" rel=\"nofollow noopener\" target=\"_blank\">#Rugby<\/a> <a href=\"https:\/\/twitter.com\/hashtag\/UBB?src=hash&amp;ref_src=twsrc%5Etfw\" rel=\"nofollow noopener\" target=\"_blank\">#UBB<\/a> <a href=\"https:\/\/twitter.com\/hashtag\/Bordeaux?src=hash&amp;ref_src=twsrc%5Etfw\" rel=\"nofollow noopener\" target=\"_blank\">#Bordeaux<\/a> <a href=\"https:\/\/t.co\/2JG2oWMMKN\" rel=\"nofollow\">pic.twitter.com\/2JG2oWMMKN<\/a><\/p>\n<p>&#13;<br \/>\n\u2014 catourneovale (@catourneovale) <a href=\"https:\/\/twitter.com\/catourneovale\/status\/1960026436468605271?ref_src=twsrc%5Etfw\" rel=\"nofollow noopener\" target=\"_blank\">August 25, 2025<\/a><\/p><\/blockquote>\n<p>Pas de diagnostic, pas de timing<\/p>\n<p data-start=\"1950\" data-end=\"2287\">Apr\u00e8s le match, <strong data-start=\"1966\" data-end=\"2013\">No\u00ebl McNamara a tent\u00e9 d\u2019\u00e9teindre l\u2019incendie<\/strong> : \u201cRomain a ressenti une douleur, on n\u2019a pas voulu prendre de risque.\u201d Probl\u00e8me : aucune information suppl\u00e9mentaire depuis. Ni la nature exacte de la blessure, ni la dur\u00e9e estim\u00e9e d\u2019indisponibilit\u00e9. \u00c0\u00a0deux semaines de la reprise du <a href=\"https:\/\/www.lerugbynistere.fr\/championnats\/top-14\" ui-sref=\"app.competition({competitionId: 1})\" alt=\"Top 14\" data-route=\"app.competition\" data-param=\"competitionId\" data-id=\"1\" rel=\"nofollow noopener\" target=\"_blank\">Top 14<\/a>, <strong data-start=\"2255\" data-end=\"2286\">le silence m\u00e9dical inqui\u00e8te<\/strong>.<\/p>\n<p data-start=\"2289\" data-end=\"2564\">Surtout que Buros n\u2019est pas un joueur lambda. <strong data-start=\"2335\" data-end=\"2373\">C\u2019est l\u2019un des cadres du vestiaire<\/strong>, un international confirm\u00e9 et un joueur cl\u00e9 dans l\u2019organisation offensive de Yannick Bru. Perdre Jalibert pour les premi\u00e8res semaines, c\u2019est d\u00e9j\u00e0 un coup. Mais perdre Buros en plus, ce serait un vrai chantier \u00e0 g\u00e9rer.<\/p>\n<p data-start=\"2610\" data-end=\"2912\">Sur le terrain, <strong data-start=\"2626\" data-end=\"2667\">l\u2019UBB a livr\u00e9 une prestation s\u00e9rieuse<\/strong> malgr\u00e9 les absents : victoire 29-14, cinq <a href=\"https:\/\/www.lerugbynistere.fr\/videos\/essais.php\" ui-sref=\"app.tag\" alt=\"Essais\" data-route=\"app.tag\" data-param=\"slug\" data-id=\"essais\" rel=\"nofollow noopener\" target=\"_blank\">essais<\/a> inscrits, et des jeunes qui ont marqu\u00e9 des points (mention sp\u00e9ciale \u00e0 Hutteau et Laharrague). Mais cette alerte vient rappeler que <strong data-start=\"2848\" data-end=\"2891\">les matchs de pr\u00e9pa peuvent co\u00fbter cher<\/strong>.<\/p>\n<blockquote class=\"twitter-tweet\"><p>&#13;<\/p>\n<p lang=\"fr\" dir=\"ltr\">\u2b50 <a href=\"https:\/\/www.lerugbynistere.fr\/fiches-joueurs\/maxime-lamothe.php\" ui-sref=\"app.player({playerId: 5823})\" alt=\"Maxime Lamothe\" data-route=\"app.player\" data-param=\"playerId\" data-id=\"5823\" rel=\"nofollow noopener\" target=\"_blank\">Maxime Lamothe<\/a> : \u00ab\u00a0Maintenant que l\u2019UBB a d\u00e9croch\u00e9 son 1er titre, \u00e9videmment qu\u2019on ne veut pas s\u2019arr\u00eater l\u00e0. Le club est encore en qu\u00eate de titres. On veut l\u2019installer durablement au tr\u00e8s haut niveau et montrer qu\u2019on fait partie des meilleures \u00e9quipes d\u2019Europe.\u00a0\u00bb<br \/>Rugbyrama<a href=\"https:\/\/twitter.com\/hashtag\/UBB?src=hash&amp;ref_src=twsrc%5Etfw\" rel=\"nofollow noopener\" target=\"_blank\">#UBB<\/a> <a href=\"https:\/\/t.co\/dewVEKsOLv\" rel=\"nofollow\">pic.twitter.com\/dewVEKsOLv<\/a><\/p>\n<p>&#13;<br \/>\n\u2014 catourneovale (@catourneovale) <a href=\"https:\/\/twitter.com\/catourneovale\/status\/1959873873077309858?ref_src=twsrc%5Etfw\" rel=\"nofollow noopener\" target=\"_blank\">August 25, 2025<\/a><\/p><\/blockquote>\n<p data-start=\"2914\" data-end=\"3211\">La saison derni\u00e8re, Buros avait \u00e9t\u00e9 un mod\u00e8le de r\u00e9gularit\u00e9. Essai contre les <a href=\"https:\/\/www.lerugbynistere.fr\/equipes-nationales\/all-blacks.php\" ui-sref=\"app.team({teamId: 24})\" alt=\"All Blacks\" data-route=\"app.team\" data-param=\"teamId\" data-id=\"24\" rel=\"nofollow noopener\" target=\"_blank\">All Blacks<\/a>, titre europ\u00e9en avec l\u2019UBB, finale de Top 14 \u00e0 la cl\u00e9\u2026 \u00c0 Bordeaux, <strong data-start=\"3070\" data-end=\"3148\">on esp\u00e8re \u00e9videmment que ce n\u2019est qu\u2019une crampe ou un petit p\u00e9pin passager<\/strong>. Mais tant qu\u2019aucune info officielle ne tombe, le doute reste.<\/p>\n<p>Une gestion sous surveillance<\/p>\n<p data-start=\"3248\" data-end=\"3574\">Le staff de l\u2019UBB ne veut pas dramatiser, mais sait que la suite de la pr\u00e9paration d\u00e9pendra beaucoup de l\u2019\u00e9volution de cette blessure. En cas de p\u00e9pin musculaire, <strong data-start=\"3411\" data-end=\"3474\">la moindre rechute pourrait compromettre le d\u00e9but de saison<\/strong>. Et pour une \u00e9quipe qui vise les premi\u00e8res places, c\u2019est un luxe que personne ne peut se permettre.<\/p>\n<p>                            <script async src=\"https:\/\/platform.twitter.com\/widgets.js\" charset=\"utf-8\"><\/script><\/p>\n","protected":false},"excerpt":{"rendered":"C\u2019\u00e9tait cens\u00e9 \u00eatre une simple mise en jambe estivale. Un match de pr\u00e9pa pour se remettre en route.&hellip;\n","protected":false},"author":2,"featured_media":344779,"comment_status":"","ping_status":"","sticky":false,"template":"","format":"standard","meta":{"footnotes":""},"categories":[1416],"tags":[1011,27,479,1468,60],"class_list":{"0":"post-344778","1":"post","2":"type-post","3":"status-publish","4":"format-standard","5":"has-post-thumbnail","7":"category-rugby","8":"tag-fr","9":"tag-france","10":"tag-rugby","11":"tag-rugby-football","12":"tag-sports"},"share_on_mastodon":{"url":"https:\/\/pubeurope.com\/@fr\/115094201516522159","error":""},"_links":{"self":[{"href":"https:\/\/www.europesays.com\/fr\/wp-json\/wp\/v2\/posts\/344778","targetHints":{"allow":["GET"]}}],"collection":[{"href":"https:\/\/www.europesays.com\/fr\/wp-json\/wp\/v2\/posts"}],"about":[{"href":"https:\/\/www.europesays.com\/fr\/wp-json\/wp\/v2\/types\/post"}],"author":[{"embeddable":true,"href":"https:\/\/www.europesays.com\/fr\/wp-json\/wp\/v2\/users\/2"}],"replies":[{"embeddable":true,"href":"https:\/\/www.europesays.com\/fr\/wp-json\/wp\/v2\/comments?post=344778"}],"version-history":[{"count":0,"href":"https:\/\/www.europesays.com\/fr\/wp-json\/wp\/v2\/posts\/344778\/revisions"}],"wp:featuredmedia":[{"embeddable":true,"href":"https:\/\/www.europesays.com\/fr\/wp-json\/wp\/v2\/media\/344779"}],"wp:attachment":[{"href":"https:\/\/www.europesays.com\/fr\/wp-json\/wp\/v2\/media?parent=344778"}],"wp:term":[{"taxonomy":"category","embeddable":true,"href":"https:\/\/www.europesays.com\/fr\/wp-json\/wp\/v2\/categories?post=344778"},{"taxonomy":"post_tag","embeddable":true,"href":"https:\/\/www.europesays.com\/fr\/wp-json\/wp\/v2\/tags?post=344778"}],"curies":[{"name":"wp","href":"https:\/\/api.w.org\/{rel}","templated":true}]}}