{"id":344782,"date":"2025-08-26T08:50:13","date_gmt":"2025-08-26T08:50:13","guid":{"rendered":"https:\/\/www.europesays.com\/fr\/344782\/"},"modified":"2025-08-26T08:50:13","modified_gmt":"2025-08-26T08:50:13","slug":"alex-marquez-veut-vite-oublier-la-hongrie","status":"publish","type":"post","link":"https:\/\/www.europesays.com\/fr\/344782\/","title":{"rendered":"\u00c1lex M\u00e1rquez veut vite oublier la Hongrie"},"content":{"rendered":"<p>Lui qui avait tant brill\u00e9 dans la premi\u00e8re partie du championnat, <a href=\"https:\/\/fr.motorsport.com\/driver\/alex-marquez\/96324\/\" target=\"_blank\" rel=\"noopener\">\u00c1lex M\u00e1rquez<\/a> n&rsquo;a plus visit\u00e9 le podium depuis trois Grands Prix. Ce que cela lui inspire\u00a0?\u00a0\u00ab\u00a0Pas de panique\u00a0\u00bb, car les pistes qui arrivent devraient\u00a0 d\u00e9sormais mieux lui convenir.<\/p>\n<p>Il faut dire que le Balaton Park a pris un malin plaisir \u00e0 appuyer l\u00e0 o\u00f9 \u00e7a fait mal pour le cadet des M\u00e1rquez, alors m\u00eame que son a\u00een\u00e9 a cr\u00e2nement domin\u00e9 ce nouveau Grand Prix. Son tr\u00e8s bon troisi\u00e8me temps vendredi masquait de mauvaises sensations et une erreur en qualification a g\u00e2ch\u00e9 ses chances de bien figurer sur la grille. <a href=\"https:\/\/fr.motorsport.com\/motogp\/news\/alex-marquez-jack-miller-penalite-hongrie\/10752576\/\" target=\"_self\" rel=\"noopener\">La p\u00e9nalit\u00e9 re\u00e7ue pour avoir g\u00ean\u00e9 Pecco Bagnaia en essais<\/a>\u00a0n&rsquo;arrangeait rien puisqu&rsquo;il savait qu&rsquo;il reculerait de trois places dimanche.<\/p>\n<p>\u00ab\u00a0\u00c7a n&rsquo;a pas \u00e9t\u00e9 la meilleure journ\u00e9e pour nous. Hier non plus, mais aujourd&rsquo;hui en particulier\u00a0\u00bb, r\u00e9sumait le pilote Gresini samedi soir au micro du site officiel du MotoGP. \u00ab\u00a0J&rsquo;en prends la responsabilit\u00e9, j&rsquo;ai fait trop d&rsquo;erreurs dans les qualifications, je n&rsquo;ai pas boucl\u00e9 le tour parfait et j&rsquo;ai fait une erreur dans le virage 14 alors que j&rsquo;\u00e9tais assez rapide pour me placer sur les deux premi\u00e8res lignes. Or, quand on fait une erreur sur une nouvelle piste, ensuite c&rsquo;est difficile.\u00a0\u00bb<\/p>\n<p>Un Grand Prix \u00ab\u00a0jet\u00e9 \u00e0 la poubelle\u00a0\u00bb samedi<\/p>\n<p>Malgr\u00e9 le contexte, \u00c1lex M\u00e1rquez a livr\u00e9 un sprint plut\u00f4t convaincant, termin\u00e9 \u00e0 la huiti\u00e8me place. \u00ab\u00a0J&rsquo;ai commenc\u00e9 ce sprint avec pour intention d&rsquo;essayer simplement de bien piloter \u00e0 nouveau. Je l&rsquo;ai fait quand j&rsquo;ai d\u00e9pass\u00e9 Pol [Espargar\u00f3], j&rsquo;ai r\u00e9ussi \u00e0 avoir un tr\u00e8s bon moment mais, pour moi, \u00e7a a \u00e9t\u00e9 trop court\u00a0\u00bb, en retenait-il.\u00a0\u00ab\u00a0J&rsquo;aurais vraiment eu besoin de plus de tours car ma confiance allait en s&rsquo;am\u00e9liorant. Mais on a un peu jet\u00e9 ce week-end \u00e0 la poubelle en qualifications. J&rsquo;en prends la responsabilit\u00e9 parce que je n&rsquo;ai pas bien pilot\u00e9.\u00a0\u00bb<\/p>\n<p>Pour ce qui est de la course principale, d\u00e9j\u00e0 compliqu\u00e9e par son d\u00e9part de la 14e position, elle a \u00e9t\u00e9 marqu\u00e9e par une chute d\u00e8s l&rsquo;entr\u00e9e dans le deuxi\u00e8me tour, synonyme de six autres places perdues. D\u00e8s lors, \u00c1lex M\u00e1rquez n&rsquo;avait plus d&rsquo;autre espoir que d&rsquo;aller chercher une poign\u00e9e de points, ce qu&rsquo;il a fait sans excitation et avec l&rsquo;envie ouvertement affich\u00e9e de vite passer \u00e0 un autre terrain de jeu.<\/p>\n<p>\u00a0<\/p>\n<p>\u00ab\u00a0J&rsquo;\u00e9tais sur la trajectoire, je n&rsquo;ai pas \u00e9largi et je n&rsquo;ai pas retard\u00e9 mon freinage. J&rsquo;ai juste perdu l&rsquo;avant\u00a0\u00bb, a-t-il simplement expliqu\u00e9 pour d\u00e9crire cette chute, \u00ab\u00a0vraiment stupide\u00a0\u00bb \u00e0 ses yeux et suffisamment lente pour lui permettre de se relancer. Il n&rsquo;a toutefois pu sauver que deux points sous le drapeau \u00e0 damier. Sur l&rsquo;ensemble du week-end, son fr\u00e8re, leader du championnat, a donc augment\u00e9 son avance de 33 unit\u00e9s.<\/p>\n<blockquote>\n<p>Je suis le premier \u00e0 penser que ce week-end, je n&rsquo;\u00e9tais pas au niveau.<\/p>\n<\/blockquote>\n<p>\u00ab\u00a0C&rsquo;est simplement un week-end \u00e0 oublier, c&rsquo;est tout. J&rsquo;ai fait beaucoup d&rsquo;erreurs et je suis le premier \u00e0 penser que ce week-end, je n&rsquo;\u00e9tais pas au niveau. Il faut qu&rsquo;on continue \u00e0 avancer, \u00e0 s&rsquo;am\u00e9liorer sur des pistes qui ne sont pas faites pour moi. Si je veux \u00eatre complet et \u00e0 l&rsquo;avenir me battre pour de bonnes choses, il faut aussi que je sois rapide sur ces pistes-l\u00e0. Ce week-end, on n&rsquo;\u00e9tait pas bons et il faut juste qu&rsquo;on en tire des enseignements.\u00a0\u00bb<\/p>\n<p>\u00ab\u00a0Durant tout le week-end, on n&rsquo;a pas eu la vitesse. \u00c7a n&rsquo;\u00e9tait pas trop mal mais on n&rsquo;avait pas la vitesse \u00e0 laquelle on est habitu\u00e9s\u00a0\u00bb, a-t-il regrett\u00e9 jusqu&rsquo;au bout. \u00ab\u00a0On a quelques soucis au niveau des r\u00e9glages mais il y a aussi le fait que mon pilotage n&rsquo;\u00e9tait pas le meilleur par rapport \u00e0 cette piste. Il faut qu&rsquo;on garde ces informations, qu&rsquo;on garde notre calme et qu&rsquo;on ne panique pas.\u00a0\u00bb<\/p>\n<p>   <img decoding=\"async\" draggable=\"false\" src=\"https:\/\/www.europesays.com\/fr\/wp-content\/uploads\/2025\/08\/1756198213_620_alex-marquez-gresini-racing.jpg\" alt=\"Alex Marquez, Gresini Racing\" width=\"1200\" height=\"800\" loading=\"lazy\"\/> <\/p>\n<p class=\"title\">\u00c1lex M\u00e1rquez assume sa responsabilit\u00e9 apr\u00e8s un week-end \u00ab\u00a0\u00e0 oublier\u00a0\u00bb en Hongrie.<\/p>\n<p class=\"photographer\">Photo de: Gold and Goose Photography \/ LAT Images \/ via Getty Images<\/p>\n<p>\u00ab\u00a0Il ne faut pas tomber dans la panique\u00a0\u00bb, a pr\u00e9venu le pilote espagnol, cherchant \u00e0 ne pas laisser ce mauvais Grand Prix occulter ce qu&rsquo;il sait faire avec talent. \u00ab\u00a0Le week-end dernier, en Autriche, qui ne fait pourtant pas partie de mes pistes pr\u00e9f\u00e9r\u00e9es, j&rsquo;\u00e9tais en premi\u00e8re ligne et je me suis battu pour le sprint. Alors il ne faut pas paniquer, simplement remettre un peu les compteurs \u00e0 z\u00e9ro puis revenir.\u00a0\u00bb<\/p>\n<p>Ce qui le pousse \u00e0 rester relativement serein, c&rsquo;est aussi l&rsquo;approche de son Grand Prix national, sur un circuit bien mieux taill\u00e9 pour son pilotage. \u00ab\u00a0Ce qui nous attend maintenant, c&rsquo;est le meilleur sc\u00e9nario pour regagner la confiance et faire un week-end solide, \u00e0 savoir le Catalunya. Ce sera important pour notre championnat, alors c&rsquo;est ce qu&rsquo;on va essayer de faire. Et \u00e0 partir de l\u00e0, on essaiera d&rsquo;\u00eatre complets sur toutes les courses.\u00a0\u00bb<\/p>\n<p>\u00ab\u00a0Je suis certain que Barcelone sera plus adapt\u00e9 \u00e0 mon style de pilotage et il faudra retrouver la vitesse perdue ce week-end. Mais pour le reste, pas de panique. Au cours d&rsquo;une longue ann\u00e9e, cela peut arriver d&rsquo;avoir des hauts et des bas, alors il faut retrouver notre niveau et d\u00e9crocher un r\u00e9sultat solide \u00e0 Barcelone nous aidera pour le championnat\u00a0\u00bb,\u00a0a conclu\u00a0\u00c1lex M\u00e1rquez.<\/p>\n<p>Lire aussi :<\/p>\n<p>Dans cet article<\/p>\n<p>Soyez le premier inform\u00e9 et souscrivez aux alertes mails pour recevoir les infos en temps r\u00e9el<\/p>\n<p>    S&rsquo;abonner aux alertes de news<\/p>\n","protected":false},"excerpt":{"rendered":"Lui qui avait tant brill\u00e9 dans la premi\u00e8re partie du championnat, \u00c1lex M\u00e1rquez n&rsquo;a plus visit\u00e9 le podium&hellip;\n","protected":false},"author":2,"featured_media":344783,"comment_status":"","ping_status":"","sticky":false,"template":"","format":"standard","meta":{"footnotes":""},"categories":[1413],"tags":[21747,1011,27,21746,3452,1457,1456,1458,48093,60,7896],"class_list":{"0":"post-344782","1":"post","2":"type-post","3":"status-publish","4":"format-standard","5":"has-post-thumbnail","7":"category-moto","8":"tag-balaton-park","9":"tag-fr","10":"tag-france","11":"tag-gp-de-hongrie","12":"tag-gresini-racing","13":"tag-moto","14":"tag-motocycle","15":"tag-motogp","16":"tag-pas-de-paniqueu00a0u00a0-u00c1lex-mu00e1rquez-veut-vite-oublier-la-hongrie","17":"tag-sports","18":"tag-u00c1lex-mu00e1rquez"},"share_on_mastodon":{"url":"https:\/\/pubeurope.com\/@fr\/115094213378286744","error":""},"_links":{"self":[{"href":"https:\/\/www.europesays.com\/fr\/wp-json\/wp\/v2\/posts\/344782","targetHints":{"allow":["GET"]}}],"collection":[{"href":"https:\/\/www.europesays.com\/fr\/wp-json\/wp\/v2\/posts"}],"about":[{"href":"https:\/\/www.europesays.com\/fr\/wp-json\/wp\/v2\/types\/post"}],"author":[{"embeddable":true,"href":"https:\/\/www.europesays.com\/fr\/wp-json\/wp\/v2\/users\/2"}],"replies":[{"embeddable":true,"href":"https:\/\/www.europesays.com\/fr\/wp-json\/wp\/v2\/comments?post=344782"}],"version-history":[{"count":0,"href":"https:\/\/www.europesays.com\/fr\/wp-json\/wp\/v2\/posts\/344782\/revisions"}],"wp:featuredmedia":[{"embeddable":true,"href":"https:\/\/www.europesays.com\/fr\/wp-json\/wp\/v2\/media\/344783"}],"wp:attachment":[{"href":"https:\/\/www.europesays.com\/fr\/wp-json\/wp\/v2\/media?parent=344782"}],"wp:term":[{"taxonomy":"category","embeddable":true,"href":"https:\/\/www.europesays.com\/fr\/wp-json\/wp\/v2\/categories?post=344782"},{"taxonomy":"post_tag","embeddable":true,"href":"https:\/\/www.europesays.com\/fr\/wp-json\/wp\/v2\/tags?post=344782"}],"curies":[{"name":"wp","href":"https:\/\/api.w.org\/{rel}","templated":true}]}}