{"id":344784,"date":"2025-08-26T08:51:12","date_gmt":"2025-08-26T08:51:12","guid":{"rendered":"https:\/\/www.europesays.com\/fr\/344784\/"},"modified":"2025-08-26T08:51:12","modified_gmt":"2025-08-26T08:51:12","slug":"utmb-le-perilleux-grand-col-ferret-monument-du-massif-du-mont-blanc-decrypte-en-video-lequipe","status":"publish","type":"post","link":"https:\/\/www.europesays.com\/fr\/344784\/","title":{"rendered":"UTMB : le p\u00e9rilleux Grand Col Ferret, monument du massif du Mont-Blanc, d\u00e9crypt\u00e9 en vid\u00e9o &#8211; L&#039;\u00c9quipe"},"content":{"rendered":"<ol>\n<li><a href=\"https:\/\/news.google.com\/rss\/articles\/CBMi1gFBVV95cUxNUERCamRTTWZnN29uOGh5VjBUZm5Yc2RFZi1KUndYWWpLXzlpbVJ3dzVxS0lDNWpTZ3I0dFpVY1dpTjhfaEo2Sjg3NE95UFM5NVVNT0Z2eW1rdDlJUjd1X2xuWnRTU2J2VFFZVnE1NWt4bnhpMnJFNDZ0Qi1OLVZSaDlmMC02djAxY0ctS1ZEQ0dHNV9UY0dEbmswcDJ3ZWE1bURnUThjT2UteDN0OWxpYmtfS3ZZVEVPcGFNNzVkbm41MGdkV2dSOGFoSVd5dDJVaDJiMHhB?oc=5\" target=\"_blank\" rel=\"noopener\">UTMB : le p\u00e9rilleux Grand Col Ferret, monument du massif du Mont-Blanc, d\u00e9crypt\u00e9 en vid\u00e9o<\/a>&nbsp;&nbsp;L&rsquo;\u00c9quipe<\/li>\n<li><a href=\"https:\/\/news.google.com\/rss\/articles\/CBMigAJBVV95cUxNbjdhejJ0N1J6a21rdl9nT2hjZVlTR3U4LUFMODhCOUxOZ1dMNFR6eUNzVk9LYU13NW5qZ3h3LVowY3FmRFNuSXZrYnZnTmZxQjUwX3RSeElSSkNDU203VG5GRk5qaVVDWHE0dzVDMUw2LTR0NmhuVXBSeVZWMC1TWlZxMENBWmd0T0QxVXBKNzVSamRqTmduZTJJc3llcGlBTktzM0pnby1NTUJwQWY5allYQ0RaalhURzhPNE5zel81VGhkMVJiNTBCR1lUOWlvdVA1YzBQc1M3eHQyYmNiNGkwOWJaeTlFU3R2bHRjdkhwWHRXeGZJU1ZzaVAtTmZJ?oc=5\" target=\"_blank\" rel=\"noopener\">\u00ab Quand on les voit arriver avec leur tenue fluo\u2026 \u00bb : l\u2019UTMB, un show plan\u00e9taire dans un \u00e9crin si fragile<\/a>&nbsp;&nbsp;Le Parisien<\/li>\n<li><a href=\"https:\/\/news.google.com\/rss\/articles\/CBMiqgJBVV95cUxPZHc1ZEhUdlMxck45ZHp6QjQ5RWZMOHdtNjZUeW5mMVpkOWhzcnNfempFampib2NMYnJxVGNFUVZ0aWdBaHhwbS1DY1VkbGxwclJRZ1VaU0pyNGxoNXNsZk1CWThGTjEzdWYzRHYwQmh6emkyRVAwdkUtdDFZd0RIUmNocGs1Y0laRkpqZEdHcXNKeW9odF9lNmtzOXpuUW1TQmJBY25BMEQwVWsyUnNZS2stdjFCWTZSV2N4Rkc2STNPTVh6Zm5UNFFyRlNfa25DZzJ2TFBmZnVtWE4xZUo3TGZYUnMzRlVQc1RwR2JxU2VUN29ONllHZ0lucGw5LUhMZXVLVnFjRW1KSnpHM2NfRjBTZ1NJdWNZd013NnFKMkJ3LXBabWpMSzR3?oc=5\" target=\"_blank\" rel=\"noopener\">\u00ab M\u00e9ditation, introspection&#8230; Et le bonheur \u00e0 la fin \u00bb : cette Bordelaise va courir 174 km pendant plus de 40 heures \u00e0 l\u2019Ultra-Trail du Mont-Blanc<\/a>&nbsp;&nbsp;Sud Ouest<\/li>\n<li><a href=\"https:\/\/news.google.com\/rss\/articles\/CBMiiwJBVV95cUxOLWE2U2lBR3gyRy0za3ZWRVlHRlM0eUZmYU9vMk5NSWVodGdVQmF3dHZ2VFl0V0kyOXlBZ1l4cHJEQnI2QVBiU0hfdkhpRmxNLTBJM3RnVUFuVWhMamcxQ3o3V2ZxUkwwSjVVcWh3X1hOMEpvRGVzTVFrdDJUcFdfS3AyaDBNY0paVU1BTmZhYzBjMU5DYXI5T1d4SnJJZGUtQzU1bHhGT1ZTNmx4elppQUJrcndRSXU1NXl1dW5nQzJzUU9veWFWUU53T1ZCU1RsRTdSbm9HU0dBSktuOU9FSzVwcUYyYUxlOUt3bEo2Yk84TVBWU0pDWi1Td0RyQm9fT2Z1Z2VJZ0Zja2s?oc=5\" target=\"_blank\" rel=\"noopener\">Trail. \u00ab Je n\u2019ai jamais abandonn\u00e9 \u00bb, apr\u00e8s la Western States, il s\u2019attaque pour la seconde fois \u00e0 l\u2019UTMB<\/a>&nbsp;&nbsp;Ouest-France<\/li>\n<li><a href=\"https:\/\/news.google.com\/rss\/articles\/CBMixgFBVV95cUxQOXlzQS1CVUVzaDltZmlkd0RvYXFreC1UMDl5aWxvNDUzMzBWU1ZDSEN1VnJ0eVpiYW9obU9yaEMxbHNUeTUxcU45c3NidFlQcWxqRFYtUk42ZHBIWDEya09sazBlZXJTRFI5NjdWZ00yV2dvUGZjcFNWdkpBbjRTa2ZlQTVpSnVERFlJWGVRbC1UWndoMW5semxnRkFEc05OUTFCUlFreUZoUFRZcUpTTlNGOHlwZ2VTVkZWQ0w0QUlTVUVMY0E?oc=5\" target=\"_blank\" rel=\"noopener\">Trail : l\u2019Espalionnaise Marine Quintard l\u00e8ve les bras sur le Mont-Blanc<\/a>&nbsp;&nbsp;Centre Presse Aveyron<\/li>\n<\/ol>\n","protected":false},"excerpt":{"rendered":"UTMB : le p\u00e9rilleux Grand Col Ferret, monument du massif du Mont-Blanc, d\u00e9crypt\u00e9 en vid\u00e9o&nbsp;&nbsp;L&rsquo;\u00c9quipe \u00ab Quand on&hellip;\n","protected":false},"author":2,"featured_media":344785,"comment_status":"","ping_status":"","sticky":false,"template":"","format":"standard","meta":{"footnotes":""},"categories":[1412],"tags":[1451,1452,1453,1454,1455,1011,27,60],"class_list":{"0":"post-344784","1":"post","2":"type-post","3":"status-publish","4":"format-standard","5":"has-post-thumbnail","7":"category-f1","8":"tag-f1","9":"tag-formula-1","10":"tag-formula1","11":"tag-formule-1","12":"tag-formule1","13":"tag-fr","14":"tag-france","15":"tag-sports"},"share_on_mastodon":{"url":"https:\/\/pubeurope.com\/@fr\/115094217224225219","error":""},"_links":{"self":[{"href":"https:\/\/www.europesays.com\/fr\/wp-json\/wp\/v2\/posts\/344784","targetHints":{"allow":["GET"]}}],"collection":[{"href":"https:\/\/www.europesays.com\/fr\/wp-json\/wp\/v2\/posts"}],"about":[{"href":"https:\/\/www.europesays.com\/fr\/wp-json\/wp\/v2\/types\/post"}],"author":[{"embeddable":true,"href":"https:\/\/www.europesays.com\/fr\/wp-json\/wp\/v2\/users\/2"}],"replies":[{"embeddable":true,"href":"https:\/\/www.europesays.com\/fr\/wp-json\/wp\/v2\/comments?post=344784"}],"version-history":[{"count":0,"href":"https:\/\/www.europesays.com\/fr\/wp-json\/wp\/v2\/posts\/344784\/revisions"}],"wp:featuredmedia":[{"embeddable":true,"href":"https:\/\/www.europesays.com\/fr\/wp-json\/wp\/v2\/media\/344785"}],"wp:attachment":[{"href":"https:\/\/www.europesays.com\/fr\/wp-json\/wp\/v2\/media?parent=344784"}],"wp:term":[{"taxonomy":"category","embeddable":true,"href":"https:\/\/www.europesays.com\/fr\/wp-json\/wp\/v2\/categories?post=344784"},{"taxonomy":"post_tag","embeddable":true,"href":"https:\/\/www.europesays.com\/fr\/wp-json\/wp\/v2\/tags?post=344784"}],"curies":[{"name":"wp","href":"https:\/\/api.w.org\/{rel}","templated":true}]}}