{"id":344788,"date":"2025-08-26T08:53:10","date_gmt":"2025-08-26T08:53:10","guid":{"rendered":"https:\/\/www.europesays.com\/fr\/344788\/"},"modified":"2025-08-26T08:53:10","modified_gmt":"2025-08-26T08:53:10","slug":"lol-mis-en-echec-sur-un-audacieux-pari-pour-recuperer-40me","status":"publish","type":"post","link":"https:\/\/www.europesays.com\/fr\/344788\/","title":{"rendered":"L&rsquo;OL mis en \u00e9chec sur un audacieux pari pour r\u00e9cup\u00e9rer 40M\u20ac"},"content":{"rendered":"<p>\t\t\t\t\t Fragilis\u00e9 par une situation financi\u00e8re critique (qui s&rsquo;est tout de m\u00eame bien am\u00e9lior\u00e9e) et les exigences de la DNCG, l\u2019OL doit imp\u00e9rativement trouver pr\u00e8s de 40 millions d\u2019euros d\u2019ici l\u2019\u00e9t\u00e9 2026 pour p\u00e9renniser son avenir en Ligue 1. Pour r\u00e9pondre \u00e0 cette contrainte, le club misait sur un transfert de Malick Fofana \u00e0 un grand d\u2019Europe, tout en gardant le joueur sous forme de pr\u00eat afin de continuer \u00e0 \u00eatre comp\u00e9titif offensivement sans \u00e0 avoir \u00e0 d\u00e9penser un centime. Mais cette solution, pourtant audacieuse, a \u00e9t\u00e9 cat\u00e9goriquement rejet\u00e9e par le Bayern Munich et plusieurs autres pr\u00e9tendants selon Le Progr\u00e8s \u2014 tous refusent d\u2019acheter sans disposer du joueur imm\u00e9diatement, rendant le projet irr\u00e9alisable. <\/p>\n<p>La direction lyonnaise, emmen\u00e9e par Michele Kang, esp\u00e9rait un accord \u00ab intelligent \u00bb pour souffler sur le plan financier et maintenir le niveau de l\u2019effectif pilot\u00e9 par Paulo Fonseca. Le Bayern n\u2019a pas donn\u00e9 suite, Lyon exigeant une vente s\u00e8che \u00e0 hauteur de 40 M\u20ac et refusant les options de pr\u00eat ou de transfert diff\u00e9r\u00e9.\n\t\t\t\t <\/p>\n","protected":false},"excerpt":{"rendered":"Fragilis\u00e9 par une situation financi\u00e8re critique (qui s&rsquo;est tout de m\u00eame bien am\u00e9lior\u00e9e) et les exigences de la&hellip;\n","protected":false},"author":2,"featured_media":344789,"comment_status":"","ping_status":"","sticky":false,"template":"","format":"standard","meta":{"footnotes":""},"categories":[1410],"tags":[63,1011,27,60],"class_list":{"0":"post-344788","1":"post","2":"type-post","3":"status-publish","4":"format-standard","5":"has-post-thumbnail","7":"category-football","8":"tag-football","9":"tag-fr","10":"tag-france","11":"tag-sports"},"share_on_mastodon":{"url":"https:\/\/pubeurope.com\/@fr\/115094225166728311","error":""},"_links":{"self":[{"href":"https:\/\/www.europesays.com\/fr\/wp-json\/wp\/v2\/posts\/344788","targetHints":{"allow":["GET"]}}],"collection":[{"href":"https:\/\/www.europesays.com\/fr\/wp-json\/wp\/v2\/posts"}],"about":[{"href":"https:\/\/www.europesays.com\/fr\/wp-json\/wp\/v2\/types\/post"}],"author":[{"embeddable":true,"href":"https:\/\/www.europesays.com\/fr\/wp-json\/wp\/v2\/users\/2"}],"replies":[{"embeddable":true,"href":"https:\/\/www.europesays.com\/fr\/wp-json\/wp\/v2\/comments?post=344788"}],"version-history":[{"count":0,"href":"https:\/\/www.europesays.com\/fr\/wp-json\/wp\/v2\/posts\/344788\/revisions"}],"wp:featuredmedia":[{"embeddable":true,"href":"https:\/\/www.europesays.com\/fr\/wp-json\/wp\/v2\/media\/344789"}],"wp:attachment":[{"href":"https:\/\/www.europesays.com\/fr\/wp-json\/wp\/v2\/media?parent=344788"}],"wp:term":[{"taxonomy":"category","embeddable":true,"href":"https:\/\/www.europesays.com\/fr\/wp-json\/wp\/v2\/categories?post=344788"},{"taxonomy":"post_tag","embeddable":true,"href":"https:\/\/www.europesays.com\/fr\/wp-json\/wp\/v2\/tags?post=344788"}],"curies":[{"name":"wp","href":"https:\/\/api.w.org\/{rel}","templated":true}]}}