{"id":34479,"date":"2025-04-18T16:34:08","date_gmt":"2025-04-18T16:34:08","guid":{"rendered":"https:\/\/www.europesays.com\/fr\/34479\/"},"modified":"2025-04-18T16:34:08","modified_gmt":"2025-04-18T16:34:08","slug":"toulouse-le-roi-leon-marchand-classe-parmi-les-100-personnalites-les-plus-influentes-du-monde","status":"publish","type":"post","link":"https:\/\/www.europesays.com\/fr\/34479\/","title":{"rendered":"Toulouse. Le \u00ab\u00a0roi\u00a0\u00bb L\u00e9on Marchand class\u00e9 parmi les 100 personnalit\u00e9s les plus influentes du monde"},"content":{"rendered":"<p>            Par<br \/>\n        <strong><br \/>\n            <a href=\"https:\/\/actu.fr\/auteur\/marie-lamarque\" title=\"Consulter tous les articles de Marie Lamarque\" target=\"_blank\" rel=\"noopener\">Marie Lamarque<\/a><br \/>\n        <\/strong><\/p>\n<p>        Publi\u00e9 le<\/p>\n<p>            17 avr. 2025 \u00e0 16h29        <\/p>\n<p>Il figure aux c\u00f4t\u00e9s de <strong>Demi Moore et d\u2019Adrien Brody<\/strong>. Rien que \u00e7a ! <strong>L\u00e9on Marchand<\/strong>, <a href=\"https:\/\/actu.fr\/occitanie\/toulouse_31555\/jo-paris-2024-leon-marchand-natation-son-palmares-et-son-histoire_61384839.html\" target=\"_blank\" rel=\"noopener\">la star des bassins<\/a> qui a tant fait r\u00eaver lors <a href=\"https:\/\/actu.fr\/tag\/jo-paris-2024\" target=\"_blank\" rel=\"noopener\">des JO de Paris 2024<\/a>, fait partie des <strong>100 personnalit\u00e9s les plus influentes du monde en 2025<\/strong>. Le magazine The Time a publi\u00e9 <a href=\"https:\/\/time.com\/collections\/100-most-influential-people-2025\/\" target=\"_blank\" rel=\"noopener\">son c\u00e9l\u00e8bre classement<\/a> ce mercredi 16 avril 2025. Celui que l\u2019on surnomme le <strong>\u00ab\u00a0roi L\u00e9on\u00a0\u00bb<\/strong> figure dans la cat\u00e9gorie \u00ab\u00a0Ic\u00f4nes\u00a0\u00bb. Une fiert\u00e9 pour <strong><a href=\"https:\/\/actu.fr\/toulouse\/\" target=\"_blank\" rel=\"noopener\">Toulouse<\/a><\/strong>, la ville qui l\u2019a vu grandir et faire ses premi\u00e8res brasses.<\/p>\n<p>Cinq m\u00e9dailles aux JO et des souvenirs en or !<\/p>\n<p class=\" wall-content\"><a href=\"https:\/\/actu.fr\/sports\/jo-2024-leon-marchand-ecrase-tout-au-400m-quatre-nages-qui-offre-la-troisieme-medaille-d-or-pour-la-france_61415723.html\" target=\"_blank\" rel=\"noopener\">Ses performances lors des derniers Jeux Olympiques<\/a> l\u2019ont \u00e9lev\u00e9 au sommet ! \u00c0 l\u2019issue de courses haletantes, le Fran\u00e7ais a d\u00e9croch\u00e9<strong> cinq m\u00e9dailles, quatre en or et une en bronze<\/strong>. Le tout en pulv\u00e9risant des records !<\/p>\n<p class=\" wall-content\">De quoi faire le bonheur de la Ville rose, et aussi cr\u00e9er des passions chez les nageurs en herbe. <a href=\"https:\/\/actu.fr\/occitanie\/toulouse_31555\/leonmania-a-toulouse-grosse-vague-d-inscriptions-aux-dauphins-du-toec_61448438.html\" target=\"_blank\" rel=\"noopener\">Au sein des Dauphins du TOEC<\/a>, son club en France, comme partout dans l\u2019Hexagone, et probablement dans le monde, la L\u00e9onmania a frapp\u00e9 !<\/p>\n<p>\u00ab\u00a0Il est tout simplement inarr\u00eatable\u00a0\u00bb<\/p>\n<p class=\" wall-content\">Toutes ces victoires lui ont valu sa place parmi ce prestigieux top 100. \u00ab\u00a0J\u2019ai tellement de respect pour le travail et le d\u00e9vouement incroyables qu\u2019il a d\u00e9ploy\u00e9s\u00a0\u00bb, souligne la nageuse canadienne<strong> Summer McIntosh<\/strong>, trois fois m\u00e9daill\u00e9e d\u2019or aux JO 2024, pour The Time.<\/p>\n<p class=\" wall-content\"><a href=\"https:\/\/actu.fr\/occitanie\/toulouse_31555\/c-est-leon-marchand-le-nageur-de-toulouse-qui-a-le-plus-marque-les-francais-lors-des-jo-selon-un-sondage_61479993.html\" target=\"_blank\" rel=\"noopener\">Tout comme les supporters<\/a>, la championne avait \u00e9t\u00e9 marqu\u00e9e par l\u2019ambiance dans les gradins de Paris La Defense Arena : \u00ab\u00a0la foule rugissait \u00e0 chaque fois que sa t\u00eate per\u00e7ait la surface de l\u2019eau\u00a0\u00bb. Et de conclure : \u00ab\u00a0r\u00e9ussir [\u00e0 donner le meilleur de soi-m\u00eame] sous la pression du public est sensationnel. L\u00e9on est tout simplement inarr\u00eatable\u00a0\u00bb.<\/p>\n<p>Vid\u00e9os : en ce moment sur ActuSeul Fran\u00e7ais du Top 100 avec Gis\u00e8le P\u00e9licot<\/p>\n<p class=\" wall-content\"><strong>Jean-Luc Moudenc<\/strong>, maire de la Ville rose, a fait part de sa fiert\u00e9 : \u00ab\u00a0Toulouse, terre de champions, rayonne gr\u00e2ce \u00e0 lui\u00a0\u00bb, a-t-il \u00e9crit ce jeudi sur X.<\/p>\n<p class=\" wall-content\">\n<p class=\" wall-content\">L\u00e9on Marchand est le seul Fran\u00e7ais \u00e0 faire partie du classement avec <strong>Gis\u00e8le P\u00e9licot<\/strong>, elle aussi consid\u00e9r\u00e9e comme une ic\u00f4ne par le magazine am\u00e9ricain. <a href=\"https:\/\/actu.fr\/societe\/proces-des-viols-de-mazan-bientot-le-verdict-retour-sur-quatre-mois-d-un-proces-historique_62014452.html\" target=\"_blank\" rel=\"noopener\">Le proc\u00e8s sur les \u00ab\u00a0viols de Mazan\u00a0\u00bb<\/a>, devenu historique, car rendu public, a fait d\u2019elle<strong> une figure du f\u00e9minisme et de la lutte contre les violences sexuelles<\/strong>. <a href=\"https:\/\/actu.fr\/faits-divers\/proces-des-viols-de-mazan-je-regrette-dominique-pelicot-tente-de-nouvelles-excuses-a-son-ex-femme-gisele_62007421.html\" target=\"_blank\" rel=\"noopener\">Son mari, Dominique P\u00e9licot<\/a>, avait \u00e9t\u00e9 condamn\u00e9 \u00e0 20 ans de r\u00e9clusion pour avoir drogu\u00e9 son \u00e9pouse afin de la violer et de la livrer \u00e0 des inconnus.<\/p>\n<p class=\" wall-content\">Suivez toute l\u2019actualit\u00e9 de vos villes et m\u00e9dias favoris en vous inscrivant \u00e0 <a href=\"https:\/\/moncompte.actu.fr\" title=\"D\u00e9couvez Mon Actu\" rel=\"nofollow noopener\" data-trk=\"{&quot;cta&quot;:{&quot;action&quot;:&quot;https:\\\/\\\/moncompte.actu.fr&quot;,&quot;category&quot;:&quot;mon compte&quot;,&quot;from&quot;:&quot;article footer&quot;,&quot;name&quot;:&quot;Mon actu&quot;,&quot;type&quot;:&quot;cta&quot;}}\" target=\"_blank\">Mon Actu<\/a>.<\/p>\n","protected":false},"excerpt":{"rendered":"Par Marie Lamarque Publi\u00e9 le 17 avr. 2025 \u00e0 16h29 Il figure aux c\u00f4t\u00e9s de Demi Moore et&hellip;\n","protected":false},"author":2,"featured_media":34480,"comment_status":"","ping_status":"","sticky":false,"template":"","format":"standard","meta":{"footnotes":""},"categories":[2816],"tags":[1111,11,1777,674,1011,27,7941,12,2680,25,104,2312],"class_list":{"0":"post-34479","1":"post","2":"type-post","3":"status-publish","4":"format-standard","5":"has-post-thumbnail","7":"category-toulouse","8":"tag-actu","9":"tag-actualites","10":"tag-eu","11":"tag-europe","12":"tag-fr","13":"tag-france","14":"tag-jo-paris-2024","15":"tag-news","16":"tag-occitanie","17":"tag-republique-francaise","18":"tag-societe","19":"tag-toulouse"},"share_on_mastodon":{"url":"https:\/\/pubeurope.com\/@fr\/114359937441884153","error":""},"_links":{"self":[{"href":"https:\/\/www.europesays.com\/fr\/wp-json\/wp\/v2\/posts\/34479","targetHints":{"allow":["GET"]}}],"collection":[{"href":"https:\/\/www.europesays.com\/fr\/wp-json\/wp\/v2\/posts"}],"about":[{"href":"https:\/\/www.europesays.com\/fr\/wp-json\/wp\/v2\/types\/post"}],"author":[{"embeddable":true,"href":"https:\/\/www.europesays.com\/fr\/wp-json\/wp\/v2\/users\/2"}],"replies":[{"embeddable":true,"href":"https:\/\/www.europesays.com\/fr\/wp-json\/wp\/v2\/comments?post=34479"}],"version-history":[{"count":0,"href":"https:\/\/www.europesays.com\/fr\/wp-json\/wp\/v2\/posts\/34479\/revisions"}],"wp:featuredmedia":[{"embeddable":true,"href":"https:\/\/www.europesays.com\/fr\/wp-json\/wp\/v2\/media\/34480"}],"wp:attachment":[{"href":"https:\/\/www.europesays.com\/fr\/wp-json\/wp\/v2\/media?parent=34479"}],"wp:term":[{"taxonomy":"category","embeddable":true,"href":"https:\/\/www.europesays.com\/fr\/wp-json\/wp\/v2\/categories?post=34479"},{"taxonomy":"post_tag","embeddable":true,"href":"https:\/\/www.europesays.com\/fr\/wp-json\/wp\/v2\/tags?post=34479"}],"curies":[{"name":"wp","href":"https:\/\/api.w.org\/{rel}","templated":true}]}}