{"id":344794,"date":"2025-08-26T08:56:25","date_gmt":"2025-08-26T08:56:25","guid":{"rendered":"https:\/\/www.europesays.com\/fr\/344794\/"},"modified":"2025-08-26T08:56:25","modified_gmt":"2025-08-26T08:56:25","slug":"un-salon-du-livre-dans-un-village-dirreductibles-francophones","status":"publish","type":"post","link":"https:\/\/www.europesays.com\/fr\/344794\/","title":{"rendered":"un salon du livre dans un village d\u2019irr\u00e9ductibles francophones"},"content":{"rendered":"<p class=\"article-bodystyled__StyledText-sc-19uhgql-0 bGeyRM body-paragraph\">Une trentaine d\u2019auteurs \u2013 pas seulement de la r\u00e9gion d\u2019Ottawa-Gatineau, mais des plumes provenant de l\u2019ensemble du Qu\u00e9bec \u2013 convergeront au Centre de conf\u00e9rences du Pontiac, le samedi 6 septembre.<\/p>\n<p class=\"article-bodystyled__StyledText-sc-19uhgql-0 bGeyRM body-paragraph\">L\u2019\u00e9v\u00e9nement, enti\u00e8rement gratuit, entend mettre la langue fran\u00e7aise ainsi que les enjeux concernant son rayonnement au c\u0153ur du Pontiac. <\/p>\n<p class=\"article-bodystyled__StyledText-sc-19uhgql-0 bGeyRM body-paragraph\">De 10 h \u00e0 16 h, on pourra y croiser notamment Katia Canciani, Julie Huard, Martine Labont\u00e9-Chartrand (qui viendra signer son 38e roman) ou encore la cin\u00e9aste Annie Coutu, ainsi que plusieurs Franco-Ontariens, dont Bytchello Previl, Mich\u00e8le Vinet et la po\u00e9tesse Nicole V. Champeau.<\/p>\n<p class=\"article-bodystyled__StyledText-sc-19uhgql-0 bGeyRM body-paragraph\">Des s\u00e9ances de d\u00e9dicaces, des animations familiales, une conf\u00e9rence \u2013 anim\u00e9e par Marc La Ferri\u00e8re, auteur de D\u2019ici \u00e0 l\u00e0: la vie et le parcours d\u2019un agent des services secrets canadiens \u2013 et une table ronde r\u00e9unissant six personnalit\u00e9s d\u00e9sireuses de partager leurs points de vue sur \u00abla protection et la diffusion du fran\u00e7ais\u00bb, sont au menu de cette journ\u00e9e.<\/p>\n<p class=\"article-bodystyled__StyledText-sc-19uhgql-0 bGeyRM body-paragraph\">L\u2019instigatrice de ce salon francophone est l\u2019\u00e9crivaine Sandra Lemire Wolf, auteure de cinq romans, dont deux publi\u00e9s sous le nom de Salem Wolf. <\/p>\n<p class=\"article-bodystyled__StyledText-sc-19uhgql-0 bGeyRM body-paragraph\">Apr\u00e8s avoir bourlingu\u00e9 aux quatre coins de la plan\u00e8te, cette ex-journaliste d\u2019origine montr\u00e9alaise a \u00e9lu domicile dans le Pontiac en 2019, quand elle a d\u00e9pos\u00e9 ses bagages \u00e0 Sand Bay, en bordure de Shawville.<\/p>\n<p class=\"article-bodystyled__StyledText-sc-19uhgql-0 bGeyRM body-paragraph\">Derri\u00e8re ce geste avant tout culturel, il faut aussi voir un geste \u00abun peu\u00bb politique, qui cherche \u00e0 \u00abfaire un pied de nez aux Anglais\u00bb, reconnait Sandra Lemire Wolf, qui a elle-m\u00eame illustr\u00e9 l\u2019affiche du salon coulongien&#8230; sur laquelle se dresse un fortin \u00e9rig\u00e9 \u00e0 partir de livres. \u00abL\u2019affiche est unilingue\u00bb, fait-elle fi\u00e8rement valoir. \u00abApr\u00e8s tout, le bilinguisme [au Qu\u00e9bec], c\u2019est le fran\u00e7ais d\u2019abord!\u00bb<\/p>\n<p><img decoding=\"async\" data-chromatic=\"ignore\" alt=\"L'affiche de la premi&#xE8;re &#xE9;dition du Salon du livre de Fort-Coulonge, bastion francophone du Pontiac, a &#xE9;t&#xE9; con&#xE7;ue par Sandra Lemire Wolf.\" class=\"c-image\" loading=\"lazy\" src=\"https:\/\/www.europesays.com\/fr\/wp-content\/uploads\/2025\/08\/AKML5JFWPZAPRLNNQZXHVPDBOU.jpg\"  width=\"600\" height=\"855\"\/><\/p>\n<p class=\"image-metadata__MetadataParagraph-sc-1gfk7p2-0 cAaLKg image-metadata\">L&rsquo;affiche de la premi\u00e8re \u00e9dition du Salon du livre de Fort-Coulonge, bastion francophone du Pontiac, a \u00e9t\u00e9 con\u00e7ue par Sandra Lemire Wolf. (Sandra Lemire Wolf)<\/p>\n<p class=\"article-bodystyled__StyledText-sc-19uhgql-0 bGeyRM body-paragraph\">Durant la plus r\u00e9cente \u00e9dition du Salon du livre de l\u2019Outaouais, l\u2019auteure a approch\u00e9 des responsables de l\u2019Association des auteurs et auteures de l\u2019Outaouais, qu\u2019elle a fini par convaincre de chapeauter un petit salon litt\u00e9raire dans la MRC du Pontiac. De tels petits salons ont fleuri en Outaouais dans les trois derni\u00e8res ann\u00e9es; on pense au Festival du livre des ind\u00e9pendants (dont la prochaine \u00e9dition se tiendra \u00e0 Buckingham le 18 octobre) ainsi qu\u2019au Salon du livre de Maniwaki (qui, apr\u00e8s avoir saut\u00e9 l\u2019ann\u00e9e 2024, tiendra une deuxi\u00e8me \u00e9dition le 20 septembre).<\/p>\n<p class=\"article-bodystyled__StyledText-sc-19uhgql-0 bGeyRM body-paragraph\">Entre-temps, le c.a. de l\u2019Association a \u00e9t\u00e9 renouvel\u00e9 et le dossier Coulongien a pris la poussi\u00e8re, ce qui a incit\u00e9 Mme Lemire Wolf \u00e0 prendre le taureau par les cornes et \u00e0 organiser elle-m\u00eame l\u2019\u00e9v\u00e9nement.<\/p>\n<p class=\"article-bodystyled__StyledText-sc-19uhgql-0 bGeyRM body-paragraph\">Il n\u2019y a aucun salon du livre dans le Pontiac\u2026 et pas m\u00eame le moindre book fair du c\u00f4t\u00e9 anglophone, mentionne-t-elle au passage.<\/p>\n<p>Sentiment anti-franco<\/p>\n<p class=\"article-bodystyled__StyledText-sc-19uhgql-0 bGeyRM body-paragraph\">Au fil de sa carri\u00e8re, elle a pas mal voyag\u00e9 et, gr\u00e2ce \u00e0 son conjoint membre des Forces arm\u00e9es canadiennes, elle a v\u00e9cu \u00abun peu partout\u00bb. <\/p>\n<p class=\"article-bodystyled__StyledText-sc-19uhgql-0 bGeyRM body-paragraph\">\u00abEn arrivant dans le Pontiac, j\u2019ai vraiment eu sentiment de frapper un mur, en d\u00e9couvrant [ce qui \u00e0 mes yeux rel\u00e8ve d\u2019une forme] d\u2019antipathie envers la langue fran\u00e7aise\u00bb, partage-t-elle au t\u00e9l\u00e9phone. <\/p>\n<p class=\"article-bodystyled__StyledText-sc-19uhgql-0 bGeyRM body-paragraph\">Lorsqu\u2019elle a pos\u00e9 ses valises dans cette MRC tr\u00e8s fortement anglophone, \u00abau d\u00e9but, les gens venaient me demander: \u2018Vous \u00eates qui? Vous \u00eates parents avec qui?\u2019\u00bb Il lui est arriv\u00e9 de se faire dire: \u2018Vous n\u2019avez rien \u00e0 faire ici!\u2019.<\/p>\n<p class=\"article-bodystyled__StyledText-sc-19uhgql-0 bGeyRM body-paragraph\">\u00abC\u2019\u00e9tait limite agressif, parfois&#8230;\u00bb, r\u00e9sume-t-elle<\/p>\n<p><img decoding=\"async\" data-chromatic=\"ignore\" alt=\"Invit&#xE9; du Salon du livre de Fort-Coulonge, l'auteur Marc La Ferri&#xE8;re viendra pr&#xE9;senter son livre &lt;em&gt;D'ici &#xE0; l&#xE0;&lt;\/em&gt;, sous-titr&#xE9; &lt;em&gt;La vie et le parcours d'un agent des services secrets canadiens&lt;\/em&gt;.\" class=\"c-image\" loading=\"lazy\" src=\"https:\/\/www.europesays.com\/fr\/wp-content\/uploads\/2025\/08\/AR3364T7HNCYJG6RV6KEJJSNJY.jpeg\"  width=\"1200\" height=\"889\"\/><\/p>\n<p class=\"image-metadata__MetadataParagraph-sc-1gfk7p2-0 cAaLKg image-metadata\">Invit\u00e9 du Salon du livre de Fort-Coulonge, l&rsquo;auteur Marc La Ferri\u00e8re viendra pr\u00e9senter son livre D&rsquo;ici \u00e0 l\u00e0, sous-titr\u00e9 La vie et le parcours d&rsquo;un agent des services secrets canadiens. (Archives \/ Salon du livre de l&rsquo;Outaouais)<\/p>\n<p class=\"article-bodystyled__StyledText-sc-19uhgql-0 bGeyRM body-paragraph\">Sandra Lemire Wolf a donc d\u00e9cid\u00e9 de profiter du \u00abphare\u00bb francophone qu\u2019est Fort Coulonge \u2013 municipalit\u00e9 d\u2019\u00e0 peine 1500 \u00e2mes, mais dont la \u00abpopulation est \u00e0 81 % francophone, contrairement au reste du Pontiac o\u00f9 l\u2019anglais pr\u00e9vaut\u00bb, estime-t-elle \u2013 pour y implanter ce salon litt\u00e9raire.<\/p>\n<p>Des livres \u00e0 gagner<\/p>\n<p class=\"article-bodystyled__StyledText-sc-19uhgql-0 bGeyRM body-paragraph\">\u00ab\u00c0 Fort-Coulonge, il n\u2019y a pas de librairie\u00bb, note-t-elle \u00e0 regret, \u00abjuste une toute petite biblioth\u00e8que\u00bb.<\/p>\n<p class=\"article-bodystyled__StyledText-sc-19uhgql-0 bGeyRM body-paragraph\">\u00abC\u2019est de plus en plus difficile d\u2019int\u00e9resser les gens au livre. Pourtant, on n\u2019est jamais seul, avec un livre. Et c\u2019est pour \u00e7a qu\u2019on va faire gagner des lots de livres.\u00bb<\/p>\n<p class=\"article-bodystyled__StyledText-sc-19uhgql-0 bGeyRM body-paragraph\">L\u2019entr\u00e9e est gratuite, mais moyennant 5 $, les visiteurs pourront courir la chance de remporter un lot de livres comportant un exemplaire de chacun des invit\u00e9s. La station de radio locale CHIP FM, partenaire de l\u2019\u00e9v\u00e9nement, a commenc\u00e9 \u00e0 offrir des billets en vue du tirage.<\/p>\n<p class=\"article-bodystyled__StyledText-sc-19uhgql-0 bGeyRM body-paragraph\">\u00abOn a vraiment une belle brochette d\u2019auteurs\u00bb, dit-elle en survolant sa liste d\u2019invit\u00e9s o\u00f9 figurent aussi l\u2019auteure jeunesse Claire Huneault (la s\u00e9rie jeunesse \u00abTh\u00e9, \u00e9lixir et linaigrette\u00bb), S\u00e9bastien Beaudoin, Marie-Th\u00e9r\u00e8se B\u00e9land, Gaetan Bergeron, Ginette Bertrand, Yves Breton, Serge Cham, Christiane Dongmo Schunmeler, Gervais Desch\u00eanes, Ghislain Larocque, Lise Larose, France L\u00e9gar\u00e9, Normand Nadon, Benoit Par\u00e9, Ginou Pierre Taverne, Carlo Veilleux, Ghislaine Vermette, Henriette Mvondo.<\/p>\n<p>\u00abPour tous les go\u00fbts\u00bb<\/p>\n<p class=\"article-bodystyled__StyledText-sc-19uhgql-0 bGeyRM body-paragraph\">\u00abIl y en a pour tous les go\u00fbts: du documentaire autant que du roman jeunesse, du roman l\u00e9ger [ou plus copieux], et m\u00eame du roman historique\u00bb, avec Les oiseaux bleus de Yanick Baudequin, dont le titre renvoie aux infirmi\u00e8res canadiennes \u00e0 l\u2019\u00e9poque de la Premi\u00e8re Guerre mondiale.<\/p>\n<p><img decoding=\"async\" data-chromatic=\"ignore\" alt=\"Sandra Lemire Wolf, alias Salem Wolf.\" class=\"c-image\" loading=\"lazy\" src=\"https:\/\/www.europesays.com\/fr\/wp-content\/uploads\/2025\/08\/Q7W446VVKFAO5KPNWEN3ICC73I.webp\"  width=\"1200\" height=\"1200\"\/><\/p>\n<p class=\"image-metadata__MetadataParagraph-sc-1gfk7p2-0 cAaLKg image-metadata\">Sandra Lemire Wolf, alias Salem Wolf. (Salemwolf.ca)<\/p>\n<p class=\"article-bodystyled__StyledText-sc-19uhgql-0 bGeyRM body-paragraph\">\u00abOn aura aussi des choses tr\u00e8s d\u2019actualit\u00e9\u00bb, indique-t-elle en \u00e9voquant cette fois la journaliste du Ottawa Citizen Brigitte Pellerin (le livre \u00dcber), qui a r\u00e9cemment publi\u00e9 La bataille pour le si\u00e8ge de Pierre Poilievre, ou encore l\u2019ex-pompier Normand Nadon, auteur de L\u2019incontournable v\u00e9rit\u00e9 sur l\u2019alcool, paru le mois dernier, qui raconte son tr\u00e8s autobiographique combat contre l\u2019d\u00e9pendance.<\/p>\n<p class=\"article-bodystyled__StyledText-sc-19uhgql-0 bGeyRM body-paragraph\">\u00abPlusieurs de ces auteurs ont publi\u00e9 des livres dans les deux langues; il n\u2019y a pas de probl\u00e8mes, ils [les titres anglophones] sont les bienvenus\u00bb, lance Lemire Wolf, tout sourire.<\/p>\n<p>Le rayonnement de la culture<\/p>\n<p class=\"article-bodystyled__StyledText-sc-19uhgql-0 bGeyRM body-paragraph\">D\u2019autres invit\u00e9s sont, comme elle, r\u00e9sidents du Pontiac. C\u2019est le cas de Benoit Par\u00e9 qui, rappelle-t-elle, \u00aba sign\u00e9 un volumineux ouvrage sur le patrimoine de Fort-Coulonge\u00bb. Retrait\u00e9 de l\u2019enseignement, M. Par\u00e9 est aussi un des piliers de l\u2019association Phare Ouest, qui organise des activit\u00e9s culturelles (cin\u00e9ma, po\u00e9sie, etc.) dans les municipalit\u00e9s de Fort-Coulonge et Mansfield.<\/p>\n<p class=\"article-bodystyled__StyledText-sc-19uhgql-0 bGeyRM body-paragraph\">C\u2019est la raison pour laquelle il a \u00e9t\u00e9 invit\u00e9 \u00e0 participer \u00e0 la table ronde portant sur les enjeux li\u00e9s au rayonnement de la culture francophone et aux difficult\u00e9s de \u00abcontinuer \u00e0 parler fran\u00e7ais\u00bb dans le Pontiac.<\/p>\n<p><img decoding=\"async\" data-chromatic=\"ignore\" alt=\"L'auteure Julie Huard, &#xE0; droite, en compagnie de la directrice du Festival des &#xE9;crivain.e.s de Wakefield, H&#xE9;l&#xE8;ne Giroux.\" class=\"c-image\" loading=\"lazy\" src=\"https:\/\/www.europesays.com\/fr\/wp-content\/uploads\/2025\/08\/SOSA3TAN4NG2ROPKUELHGJALRY.JPG\"  width=\"600\" height=\"838\"\/><\/p>\n<p class=\"image-metadata__MetadataParagraph-sc-1gfk7p2-0 cAaLKg image-metadata\">L&rsquo;auteure Julie Huard, \u00e0 droite, en compagnie de la directrice du Festival des \u00e9crivain.e.s de Wakefield, H\u00e9l\u00e8ne Giroux. (Etienne Ranger\/Le Droit)<\/p>\n<p class=\"article-bodystyled__StyledText-sc-19uhgql-0 bGeyRM body-paragraph\">Autour de cette table, on retrouvera aussi l\u2019auteure Julie Huard, collaboratrice \u00e0 l\u2019animation du Festival (bilingue) des \u00e9crivains de Wakefield; une enseignante de fran\u00e7ais de l\u2019\u00e9cole secondaire Sieur-de-Coulonge, Isabelle Nadeau; l\u2019ancienne pr\u00e9sidente de l\u2019AAAO, Marie-Th\u00e9r\u00e8se B\u00e9land; et sans doute un repr\u00e9sentant du r\u00e9seau des biblioth\u00e8ques du Pontiac, avance l\u2019organisatrice.<\/p>\n<p class=\"article-bodystyled__StyledText-sc-19uhgql-0 bGeyRM body-paragraph\">Leurs \u00e9changes seront anim\u00e9s par Sandra Lemire Wolf qui, avant de se consacrer \u00e0 l\u2019\u00e9criture, a eu une longue carri\u00e8re de journaliste, sous le nom de Salem Wolf. Elle a d\u2019abord \u00e9t\u00e9 journaliste sportive, sp\u00e9cialis\u00e9e en Formule 1, puis a collabor\u00e9 au Grand Journal, \u00e0 l\u2019antenne de TQS et, \u00e0 la radio, \u00e0 La jungle de Gilles Parent, \u00e0 Qu\u00e9bec.<\/p>\n<p class=\"article-bodystyled__StyledText-sc-19uhgql-0 bGeyRM body-paragraph\">\u00abApr\u00e8s, ce n\u2019est pas seulement pour le plaisir de faire un pied de nez aux Anglais que je fais \u00e7a; le but, c\u2019est quand m\u00eame d\u2019avoir un bel \u00e9v\u00e9nement, autant pour les auteurs que pour les gens de la r\u00e9gion\u00bb, temp\u00e8re Mme Lemire Wolf. Elle esp\u00e8re bien r\u00e9ussir \u00e0 remplir le Centre de conf\u00e9rences du Pontiac, dont la capacit\u00e9 d\u2019accueil est de 400 personnes.<\/p>\n<p class=\"article-bodystyled__StyledText-sc-19uhgql-0 bGeyRM body-paragraph\">\u00abC\u2019est un b\u00e2timent d\u2019\u00e9poque avec une grande salle de bal et un tr\u00e8s beau cachet\u00bb, souligne-t-elle, sans s\u2019emp\u00eacher de r\u00eaver au jour o\u00f9 elle pourra \u00abd\u00e9border\u00bb du lieu et tenir certaines activit\u00e9s du salon dans la nature.<\/p>\n<p class=\"article-bodystyled__StyledText-sc-19uhgql-0 bGeyRM body-paragraph\"><b>Renseignements :<\/b> <a href=\"https:\/\/salondulivredefortcoulonge.ca\/\" target=\"_blank\" rel=\"nofollow noopener\" title=\"https:\/\/salondulivredefortcoulonge.ca\/\">Salon du livre de Fort-Coulonge<\/a><\/p>\n","protected":false},"excerpt":{"rendered":"Une trentaine d\u2019auteurs \u2013 pas seulement de la r\u00e9gion d\u2019Ottawa-Gatineau, mais des plumes provenant de l\u2019ensemble du Qu\u00e9bec&hellip;\n","protected":false},"author":2,"featured_media":344795,"comment_status":"","ping_status":"","sticky":false,"template":"","format":"standard","meta":{"footnotes":""},"categories":[1357],"tags":[1379,58,59,1011,27,1380],"class_list":{"0":"post-344794","1":"post","2":"type-post","3":"status-publish","4":"format-standard","5":"has-post-thumbnail","7":"category-livres","8":"tag-books","9":"tag-divertissement","10":"tag-entertainment","11":"tag-fr","12":"tag-france","13":"tag-livres"},"share_on_mastodon":{"url":"https:\/\/pubeurope.com\/@fr\/115094237263217812","error":""},"_links":{"self":[{"href":"https:\/\/www.europesays.com\/fr\/wp-json\/wp\/v2\/posts\/344794","targetHints":{"allow":["GET"]}}],"collection":[{"href":"https:\/\/www.europesays.com\/fr\/wp-json\/wp\/v2\/posts"}],"about":[{"href":"https:\/\/www.europesays.com\/fr\/wp-json\/wp\/v2\/types\/post"}],"author":[{"embeddable":true,"href":"https:\/\/www.europesays.com\/fr\/wp-json\/wp\/v2\/users\/2"}],"replies":[{"embeddable":true,"href":"https:\/\/www.europesays.com\/fr\/wp-json\/wp\/v2\/comments?post=344794"}],"version-history":[{"count":0,"href":"https:\/\/www.europesays.com\/fr\/wp-json\/wp\/v2\/posts\/344794\/revisions"}],"wp:featuredmedia":[{"embeddable":true,"href":"https:\/\/www.europesays.com\/fr\/wp-json\/wp\/v2\/media\/344795"}],"wp:attachment":[{"href":"https:\/\/www.europesays.com\/fr\/wp-json\/wp\/v2\/media?parent=344794"}],"wp:term":[{"taxonomy":"category","embeddable":true,"href":"https:\/\/www.europesays.com\/fr\/wp-json\/wp\/v2\/categories?post=344794"},{"taxonomy":"post_tag","embeddable":true,"href":"https:\/\/www.europesays.com\/fr\/wp-json\/wp\/v2\/tags?post=344794"}],"curies":[{"name":"wp","href":"https:\/\/api.w.org\/{rel}","templated":true}]}}