{"id":344796,"date":"2025-08-26T08:57:12","date_gmt":"2025-08-26T08:57:12","guid":{"rendered":"https:\/\/www.europesays.com\/fr\/344796\/"},"modified":"2025-08-26T08:57:12","modified_gmt":"2025-08-26T08:57:12","slug":"apolline-de-malherbe-insiste-et-f","status":"publish","type":"post","link":"https:\/\/www.europesays.com\/fr\/344796\/","title":{"rendered":"Apolline de Malherbe insiste et f &#8230;"},"content":{"rendered":"<p>EN BREF<\/p>\n<ul class=\"bloc_resume_post_list\">\n<li>Le 26 ao\u00fbt 2025, Apolline de Malherbe interviewe Boris<br \/>\nVallaud sur RMC et BFMTV concernant les d\u00e9clarations de Fran\u00e7ois<br \/>\nBayrou.<\/li>\n<li>Boris Vallaud critique la politique de Fran\u00e7ois Bayrou et<br \/>\nannonce que le PS votera contre la confiance au<br \/>\ngouvernement.<\/li>\n<li>Les tensions politiques s\u00a0\u00bbintensifient alors que le vote<br \/>\nde confiance approche, mettant en lumi\u00e8re des enjeux cruciaux pour<br \/>\nle gouvernement.<\/li>\n<\/ul>\n<p>Visage embl\u00e9matique du groupe RMC-BFM. <a href=\"https:\/\/www.telestar.fr\/actu_tv\/vous-justifiez-apolline-de-malherbe-estomaquee-face-a-mathilde-panot-et-ce-quelle-refuse-de-dire-1735778\" target=\"_blank\" rel=\"noopener\"><br \/>\nApolline de Malherbe<\/a> est pr\u00e9sente quotidiennement sur<br \/>\ndiff\u00e9rentes antennes durant trois longues heures. En effet,<br \/>\n<strong>elle incarne la matinale de RMC<\/strong>, programm\u00e9e en<br \/>\nsimultan\u00e9 sur RMC Story, entre 7h et 8h30. Par la suite, elle<br \/>\nencha\u00eene avec l&rsquo;interview politique diffus\u00e9e dans les matinales de<br \/>\nRMC et BFMTV de 8h30 \u00e0 9h. Enfin, elle termine sa matin\u00e9e en<br \/>\nanimant une tranche d&rsquo;information comprise entre 9h et 10h sur<br \/>\n<a href=\"https:\/\/www.telestar.fr\/actu_tv\/julien-arnaud-deja-depasse-sur-bfmtv-cet-invite-totalement-en-roue-libre-na-pas-facilite-sa-rentree-1735822\" target=\"_blank\" rel=\"noopener\"><br \/>\nBFMTV<\/a>.<\/p>\n<p>Mardi 26 ao\u00fbt 2025, Apolline de Malherbe recevait le d\u00e9put\u00e9 PS<br \/>\n<a href=\"https:\/\/www.closermag.fr\/politique\/jeannette-bougrab-pourrie-a-l-antenne-par-jean-jacques-bourdin-elle-lui-repo-751714#item=1\" target=\"_blank\" rel=\"noopener\"><br \/>\nBoris Vallaud<\/a> sur son plateau. Ce dernier a bien \u00e9videmment \u00e9t\u00e9<br \/>\ninvit\u00e9 \u00e0 r\u00e9agir aux r\u00e9centes d\u00e9clarations du Premier ministre<br \/>\nFran\u00e7ois Bayrou. \u00ab\u00a0<strong>C&rsquo;est Fran\u00e7ois Bayrou qui a son<br \/>\ndestin entre ses mains, il a choisi la d\u00e9mission.<\/strong> (&#8230;)<br \/>\n<a href=\"https:\/\/www.telestar.fr\/actu_tv\/autres_evenements\/vous-etes-gentille-mais-apolline-de-malherbe-incompetente-tres-agace-francois-bayrou-lui-balance-un-gros-tacle-1724496\" target=\"_blank\" rel=\"noopener\"><br \/>\nFran\u00e7ois Bayrou<\/a> ne choisit pas le dialogue, il choisit la<br \/>\nliquidation\u00a0\u00bb, a-t-il notamment d\u00e9clar\u00e9.<\/p>\n<p>Boris Vallaud : \u00ab\u00a0Il faut manifestement changer de Premier<br \/>\nministre\u00a0\u00bb<\/p>\n<p>Pour rappel, l&rsquo;actuel pensionnaire de Matignon a annonc\u00e9 qu&rsquo;il<br \/>\nallait <strong>solliciter un vote de confiance des d\u00e9put\u00e9s<\/strong><br \/>\nle 8 septembre 2025. Rapidement, La France Insoumise, le<br \/>\nRassemblement National, les \u00e9cologistes, le parti communiste et le<br \/>\nparti socialiste ont annonc\u00e9 qu&rsquo;ils voteraient contre \u00e0 l&rsquo;Assembl\u00e9e<br \/>\nNationale, comme l&rsquo;a confirm\u00e9 Boris Vallaud face \u00e0 Apolline de<br \/>\nMalherbe ce matin.<\/p>\n<p>\u00ab\u00a0Pour changer de politique, il faut manifestement changer de<br \/>\nPremier ministre\u00a0\u00bb, a-t-il ainsi lanc\u00e9. Le patron des d\u00e9put\u00e9s<br \/>\nsocialistes \u00e0 l&rsquo;Assembl\u00e9e nationale a \u00e9galement \u00e9cart\u00e9 une possible<br \/>\nd\u00e9mission d&rsquo;<a href=\"https:\/\/www.telestar.fr\/people\/il-y-avait-lortf-emmanuel-macron-se-defend-dune-drole-de-facon-1735359\" target=\"_blank\" rel=\"noopener\">Emmanuel<br \/>\nMacron<\/a>. Tout en affirmant qu&rsquo;il se tient pr\u00eat \u00e0 une nouvelle<br \/>\ndissolution du Parlement dans les prochaines semaines.<br \/>\n\u00ab\u00a0<strong>On peut dire que la confiance, qui \u00e9tait d\u00e9j\u00e0 t\u00e9nue,<br \/>\nest d\u00e9sormais quasi inexistante<\/strong>\u00ab\u00a0, a-t-il ensuite<br \/>\najout\u00e9.<\/p>\n<p>Apolline de Malherbe \u00e0 Boris Vallaud :<br \/>\n\u00ab\u00a0C&rsquo;est mort, c&rsquo;est-\u00e0-dire que votre d\u00e9cision est prise ?\u00a0\u00bb<\/p>\n<p>\u00ab\u00a0Je vous repose la question, pardon, mais c&rsquo;est important.<br \/>\nC&rsquo;est mort, c&rsquo;est-\u00e0-dire que votre d\u00e9cision est prise ?\u00a0\u00bb, a<br \/>\ninsist\u00e9 Apolline de Malherbe face \u00e0 son invit\u00e9. \u00ab\u00a0J&rsquo;ai r\u00e9uni les<br \/>\nd\u00e9put\u00e9s hier soir. <strong>Nous voterons contre la confiance de ce<br \/>\ngouvernement.<\/strong> Parce que la question qui nous est pos\u00e9e,<br \/>\nc&rsquo;est celle pr\u00e9cis\u00e9ment de la confiance et d&rsquo;un \u00e9ventuel ch\u00e8que en<br \/>\nblanc\u00a0\u00bb, lui a alors r\u00e9pondu Boris Vallaud. \u00ab\u00a0Vous voterez<br \/>\ncontre ou vous abstiendrez ?\u00a0\u00bb, a encore surench\u00e9ri la<br \/>\njournaliste.<\/p>\n<p>\u00ab\u00a0Je vous avais r\u00e9pondu qu&rsquo;au moment o\u00f9 nous parlons, nous<br \/>\nvoterons contre la confiance au Premier ministre\u00a0\u00bb a<br \/>\nimm\u00e9diatement r\u00e9pliqu\u00e9 le d\u00e9put\u00e9 socialiste. \u00ab\u00a0Quand il dit que<br \/>\nla France est en danger, vous \u00eates d&rsquo;accord ?\u00a0\u00bb, a ensuite<br \/>\nvoulu savoir Apolline de Malherbe. \u00ab\u00a0Oui, et j&rsquo;ajoute, M.<br \/>\nBayrou, c&rsquo;est votre bilan. C&rsquo;est le bilan d&rsquo;Emmanuel Macron.<br \/>\n<strong>Vous avez consenti 65 milliards de baisse d&rsquo;imp\u00f4ts depuis<br \/>\n2017.<\/strong> Ce sont les milliards qui manquent \u00e0 nos services<br \/>\npublics. Ce sont les milliards qui manquent aux investissements<br \/>\nproductifs aujourd&rsquo;hui\u00a0\u00bb, a ainsi conclu Boris Vallaud.<\/p>\n","protected":false},"excerpt":{"rendered":"EN BREF Le 26 ao\u00fbt 2025, Apolline de Malherbe interviewe Boris Vallaud sur RMC et BFMTV concernant les&hellip;\n","protected":false},"author":2,"featured_media":344797,"comment_status":"","ping_status":"","sticky":false,"template":"","format":"standard","meta":{"footnotes":""},"categories":[1356],"tags":[10848,548,58,59,1011,27,252,1364],"class_list":{"0":"post-344796","1":"post","2":"type-post","3":"status-publish","4":"format-standard","5":"has-post-thumbnail","7":"category-television","8":"tag-apolline-de-malherbe","9":"tag-article-simple","10":"tag-divertissement","11":"tag-entertainment","12":"tag-fr","13":"tag-france","14":"tag-television","15":"tag-tv"},"share_on_mastodon":{"url":"https:\/\/pubeurope.com\/@fr\/115094240851695833","error":""},"_links":{"self":[{"href":"https:\/\/www.europesays.com\/fr\/wp-json\/wp\/v2\/posts\/344796","targetHints":{"allow":["GET"]}}],"collection":[{"href":"https:\/\/www.europesays.com\/fr\/wp-json\/wp\/v2\/posts"}],"about":[{"href":"https:\/\/www.europesays.com\/fr\/wp-json\/wp\/v2\/types\/post"}],"author":[{"embeddable":true,"href":"https:\/\/www.europesays.com\/fr\/wp-json\/wp\/v2\/users\/2"}],"replies":[{"embeddable":true,"href":"https:\/\/www.europesays.com\/fr\/wp-json\/wp\/v2\/comments?post=344796"}],"version-history":[{"count":0,"href":"https:\/\/www.europesays.com\/fr\/wp-json\/wp\/v2\/posts\/344796\/revisions"}],"wp:featuredmedia":[{"embeddable":true,"href":"https:\/\/www.europesays.com\/fr\/wp-json\/wp\/v2\/media\/344797"}],"wp:attachment":[{"href":"https:\/\/www.europesays.com\/fr\/wp-json\/wp\/v2\/media?parent=344796"}],"wp:term":[{"taxonomy":"category","embeddable":true,"href":"https:\/\/www.europesays.com\/fr\/wp-json\/wp\/v2\/categories?post=344796"},{"taxonomy":"post_tag","embeddable":true,"href":"https:\/\/www.europesays.com\/fr\/wp-json\/wp\/v2\/tags?post=344796"}],"curies":[{"name":"wp","href":"https:\/\/api.w.org\/{rel}","templated":true}]}}