{"id":344798,"date":"2025-08-26T08:58:14","date_gmt":"2025-08-26T08:58:14","guid":{"rendered":"https:\/\/www.europesays.com\/fr\/344798\/"},"modified":"2025-08-26T08:58:14","modified_gmt":"2025-08-26T08:58:14","slug":"les-pronostics-de-sebastien-mortagne-mardi-26-aout-rdl-la-radio-qui-chante","status":"publish","type":"post","link":"https:\/\/www.europesays.com\/fr\/344798\/","title":{"rendered":"Les pronostics de S\u00e9bastien Mortagne : Mardi 26 Ao\u00fbt &#8211; RDL &#8211; La Radio qui Chante"},"content":{"rendered":"<ol>\n<li><a href=\"https:\/\/news.google.com\/rss\/articles\/CBMiXkFVX3lxTE1CU0hBc0c0OU43ZGNia0M4bV91VzlaYThSQkVGeHpwbU1NRF80dUM1dUxOYVlDNEFFc2F4YWdReVhrcDVibWtOV1FWRXZoc1duTDhuSUdqY3c0TDZ3ZkE?oc=5\" target=\"_blank\" rel=\"noopener\">Les pronostics de S\u00e9bastien Mortagne : Mardi 26 Ao\u00fbt<\/a>&nbsp;&nbsp;RDL &#8211; La Radio qui Chante<\/li>\n<li><a href=\"https:\/\/news.google.com\/rss\/articles\/CBMiqAFBVV95cUxOQ0gybjk4Y3RZSkJxOVlQTWlKeXZDSVJTS1FkbDlFUldkZXEzZHA0dVVUaUZxVzA2b0ZkRFRvWkdyYlF1UDEtU3Z1TjZvdmFxbmZzUjJMYTBvYU1mWEZPSmhZTkVPRlBzak1yUFJJWktfX3ZvcFRIMGVfZ3ZHYUdPNEJRdXYxMldROV9PaEF1WlVtSzJLalBfeFdwSm9mN1BRYVFWcWFkUGI?oc=5\" target=\"_blank\" rel=\"noopener\">Quint\u00e9 du mardi 26 ao\u00fbt 2025 \u00e0 Deauville : les pronostics<\/a>&nbsp;&nbsp;RTL.fr<\/li>\n<li><a href=\"https:\/\/news.google.com\/rss\/articles\/CBMi8AFBVV95cUxQUWdPUXdUU1psQVBEcjhKaFQ2dGRMTGdGNmFqWWZEX0NvT1hwUEFUS1RaTlg0RHRJOUtYMFFwUWFhMnJPYjdVc01ZbUtXeTgxdVJqLWdMdHkxYlNLdnlxN1hXWXdVMGpkYWpjQS1zenpTcW04UkJYVC1ZMXViZm8teFhVMUtoRUkzTXRMWjRaSmFUVjZURF9ZUVJyNlBXTU1WRE80UFktd0FDSmpzRDFoYTlZNU9pS1NlZkdDSXV5NkUwMXpzWmhPYm9WN0NfVVJjbmhyenhxM0czNW0xUWhKcEhDeFloUGZQQnhXU01ERFU?oc=5\" target=\"_blank\" rel=\"noopener\">Quint\u00e9 \u00e0 Deauville du mardi 26 ao\u00fbt : les pronostics hippiques d&rsquo;Herv\u00e9 Fortin<\/a>&nbsp;&nbsp;francebleu.fr<\/li>\n<li><a href=\"https:\/\/news.google.com\/rss\/articles\/CBMisAFBVV95cUxPczU5dVhNaU9KaUxndVVHOXFWZ2l2YlhBcGc1UWlSQUplRlp0U3kya1k3aUotT3VpdzJwQVIyZmRaQkI3TXc4aklSZ3lCVXpMM0hucm9nSWRMcWIzOHNhcm9UdllFQWhqQkRJdGZOUTlqMFAzRkxBS29iQ3BsZjROZUFNZkdFNlU4VVU5M21NcEhFTTJRLTNpWkp6UnpvS2ZLd3Y4WWlKWnhjelZqOGxkTA?oc=5\" target=\"_blank\" rel=\"noopener\">Tierc\u00e9. Les pronostics de \u00ab L&rsquo;Alsace \u00bb pour mardi 26 ao\u00fbt &#8211; Handicap de la Manche<\/a>&nbsp;&nbsp;L&rsquo;Alsace<\/li>\n<li><a href=\"https:\/\/news.google.com\/rss\/articles\/CBMirAFBVV95cUxNMGp5SzhFeGJ4dHlVRWwxalBJVlNOenZycnVhcGJLWUdmUDRDVnY1aU45Q2FFeVpZR1NkTS1fa0ZubHA4UXQzUkdyUXpCZXVNX25Xc2I5NU1LRVBVc2FrS3V1X0VKY1BjaElLVG11dmtYUG1jN3pGeWdxdVRCdXhHTF9uazIwejFhVDF4d3BfVXZxVml3X2ZQb1VKVHRkZ2hUV0I3N2s0RXBQVnN3?oc=5\" target=\"_blank\" rel=\"noopener\">Les pronos hippiques du mercredi 27 ao\u00fbt 2025<\/a>&nbsp;&nbsp;RMC Sport<\/li>\n<\/ol>\n","protected":false},"excerpt":{"rendered":"Les pronostics de S\u00e9bastien Mortagne : Mardi 26 Ao\u00fbt&nbsp;&nbsp;RDL &#8211; La Radio qui Chante Quint\u00e9 du mardi 26&hellip;\n","protected":false},"author":2,"featured_media":234126,"comment_status":"","ping_status":"","sticky":false,"template":"","format":"standard","meta":{"footnotes":""},"categories":[1355],"tags":[119,11,3723,37292,9420,58,920,33,59,1011,27,37289,37290,1114,303,37291,4253,5672,1361,873,12,1308,37294,23862,1072,1825,37288,37293,37295,71,1097],"class_list":{"0":"post-344798","1":"post","2":"type-post","3":"status-publish","4":"format-standard","5":"has-post-thumbnail","7":"category-musique","8":"tag-accident","9":"tag-actualites","10":"tag-actus","11":"tag-bethune","12":"tag-calais","13":"tag-divertissement","14":"tag-dunkerque","15":"tag-economie","16":"tag-entertainment","17":"tag-fr","18":"tag-france","19":"tag-info-locale","20":"tag-info-regionale","21":"tag-infos","22":"tag-justice","23":"tag-le-voix-du-nord","24":"tag-lens","25":"tag-montreuil","26":"tag-music","27":"tag-musique","28":"tag-news","29":"tag-nord","30":"tag-nord-littoral","31":"tag-pas-de-calais","32":"tag-police","33":"tag-radio","34":"tag-rdl","35":"tag-saint-omer","36":"tag-saint-pol-sur-ternoise","37":"tag-sante","38":"tag-trafic"},"share_on_mastodon":{"url":"https:\/\/pubeurope.com\/@fr\/115094244839055128","error":""},"_links":{"self":[{"href":"https:\/\/www.europesays.com\/fr\/wp-json\/wp\/v2\/posts\/344798","targetHints":{"allow":["GET"]}}],"collection":[{"href":"https:\/\/www.europesays.com\/fr\/wp-json\/wp\/v2\/posts"}],"about":[{"href":"https:\/\/www.europesays.com\/fr\/wp-json\/wp\/v2\/types\/post"}],"author":[{"embeddable":true,"href":"https:\/\/www.europesays.com\/fr\/wp-json\/wp\/v2\/users\/2"}],"replies":[{"embeddable":true,"href":"https:\/\/www.europesays.com\/fr\/wp-json\/wp\/v2\/comments?post=344798"}],"version-history":[{"count":0,"href":"https:\/\/www.europesays.com\/fr\/wp-json\/wp\/v2\/posts\/344798\/revisions"}],"wp:featuredmedia":[{"embeddable":true,"href":"https:\/\/www.europesays.com\/fr\/wp-json\/wp\/v2\/media\/234126"}],"wp:attachment":[{"href":"https:\/\/www.europesays.com\/fr\/wp-json\/wp\/v2\/media?parent=344798"}],"wp:term":[{"taxonomy":"category","embeddable":true,"href":"https:\/\/www.europesays.com\/fr\/wp-json\/wp\/v2\/categories?post=344798"},{"taxonomy":"post_tag","embeddable":true,"href":"https:\/\/www.europesays.com\/fr\/wp-json\/wp\/v2\/tags?post=344798"}],"curies":[{"name":"wp","href":"https:\/\/api.w.org\/{rel}","templated":true}]}}