{"id":344803,"date":"2025-08-26T09:01:09","date_gmt":"2025-08-26T09:01:09","guid":{"rendered":"https:\/\/www.europesays.com\/fr\/344803\/"},"modified":"2025-08-26T09:01:09","modified_gmt":"2025-08-26T09:01:09","slug":"le-stade-rennais-fonce-sur-lucas-stassin","status":"publish","type":"post","link":"https:\/\/www.europesays.com\/fr\/344803\/","title":{"rendered":"Le Stade Rennais fonce sur Lucas Stassin"},"content":{"rendered":"<p>Le Stade Rennais est lanc\u00e9 dans une course contre-la-montre. Si le naufrage \u00e0 Lorient (0-4) n\u2019a pas \u00e9t\u00e9 tr\u00e8s instructif puisque les Bretons ont rapidement \u00e9t\u00e9 r\u00e9duits \u00e0 9 contre 11, la rencontre remport\u00e9e face \u00e0 l\u2019Olympique de Marseille (1-0) a d\u00e9montr\u00e9 que les Rouge et Noir avaient un besoin imm\u00e9diat d\u2019attaquant depuis le d\u00e9part d\u2019Arnaud Kalimuendo en Angleterre. Fort d\u2019un actionnaire puissant financi\u00e8rement, le SRFC peine toutefois \u00e0 trouver son bonheur.<\/p>\n<p>            La suite apr\u00e8s cette publicit\u00e9<\/p>\n<p>Le probl\u00e8me de chercher la perle rare en toute fin de mercato, c\u2019est que les clubs attaqu\u00e9s laissent rarement filer leur prot\u00e9g\u00e9. C\u2019est le cas avec l\u2019Angevin Esteban Lepaul. Le joueur du SCO s\u2019est mis d\u2019accord avec <a href=\"https:\/\/www.footmercato.net\/club\/stade-rennais-fc\/\" rel=\"nofollow noopener\" target=\"_blank\">Rennes<\/a>, mais son club a repouss\u00e9 plusieurs approches des Bretons donc une derni\u00e8re de plus de 12 M\u20ac. Les n\u00e9gociations ne sont pas termin\u00e9es, elles restent tr\u00e8s compliqu\u00e9es et devraient connaitre un \u00e9pilogue ce mardi. Et puis il y a les pistes qui s\u2019envolent.<\/p>\n<p>        Habib Beye veut Stassin<\/p>\n<p>C\u2019est le cas de Conrad Harder. L\u2019attaquant du Sporting Portugal a finalement d\u00e9cid\u00e9 de privil\u00e9gier l\u2019option AC Milan. Il s\u2019est d\u2019ailleurs envol\u00e9 pour la Lombardie o\u00f9 il sera transf\u00e9r\u00e9. Face \u00e0 ce revirement de situation, nous pouvons vous confirmer que Rennes s\u2019est tourn\u00e9 vers le joueur de l\u2019AS <a href=\"https:\/\/www.footmercato.net\/club\/asse\/\" rel=\"nofollow noopener\" target=\"_blank\">Saint-\u00c9tienne<\/a>, <a href=\"https:\/\/www.footmercato.net\/joueur\/lucas-stassin\/\" rel=\"nofollow noopener\" target=\"_blank\">Lucas Stassin<\/a>. L\u2019int\u00e9r\u00eat breton pour le St\u00e9phanois a \u00e9t\u00e9 r\u00e9v\u00e9l\u00e9 ce lundi matin par Ouest France. Nous sommes en mesure de vous annoncer que le Belge est d\u00e9sormais en tr\u00e8s bonne position dans la short-list des d\u00e9cideurs bretons.<\/p>\n<p>            La suite apr\u00e8s cette publicit\u00e9<\/p>\n<p>Sous l\u2019impulsion d\u2019Habib Beye, Rennes va tenter de convaincre l\u2019ASSE de l\u00e2cher un attaquant achet\u00e9 il y a un an en \u00e9change de 10 M\u20ac. Aucun d\u00e9tail financier de l\u2019offensive rennaise n\u2019a filtr\u00e9, mais Stassin a l\u2019avantage de bien conna\u00eetre l\u2019\u00e9lite fran\u00e7aise apr\u00e8s 12 buts et 5 passes d\u00e9cisives en 34 matches de <a href=\"https:\/\/www.footmercato.net\/france\/ligue-1\/\" rel=\"nofollow noopener\" target=\"_blank\">Ligue 1<\/a> la saison derni\u00e8re. Mais les Verts n\u2019ont pas l\u2019intention de se laisser faire et ont clairement fait savoir que leur buteur belge ne partirait sous aucun pr\u00e9texte. De quoi pr\u00e9voir une fin de mercato caliente du c\u00f4t\u00e9 de la Bretagne. <\/p>\n<p>\n    Pub. le 25\/08\/2025 23:33<br \/>\n            &#8211; MAJ le 26\/08\/2025 10:41\n    <\/p>\n","protected":false},"excerpt":{"rendered":"Le Stade Rennais est lanc\u00e9 dans une course contre-la-montre. Si le naufrage \u00e0 Lorient (0-4) n\u2019a pas \u00e9t\u00e9&hellip;\n","protected":false},"author":2,"featured_media":41420,"comment_status":"","ping_status":"","sticky":false,"template":"","format":"standard","meta":{"footnotes":""},"categories":[9],"tags":[1011,27,60],"class_list":{"0":"post-344803","1":"post","2":"type-post","3":"status-publish","4":"format-standard","5":"has-post-thumbnail","7":"category-sports","8":"tag-fr","9":"tag-france","10":"tag-sports"},"share_on_mastodon":{"url":"https:\/\/pubeurope.com\/@fr\/115094256661439783","error":""},"_links":{"self":[{"href":"https:\/\/www.europesays.com\/fr\/wp-json\/wp\/v2\/posts\/344803","targetHints":{"allow":["GET"]}}],"collection":[{"href":"https:\/\/www.europesays.com\/fr\/wp-json\/wp\/v2\/posts"}],"about":[{"href":"https:\/\/www.europesays.com\/fr\/wp-json\/wp\/v2\/types\/post"}],"author":[{"embeddable":true,"href":"https:\/\/www.europesays.com\/fr\/wp-json\/wp\/v2\/users\/2"}],"replies":[{"embeddable":true,"href":"https:\/\/www.europesays.com\/fr\/wp-json\/wp\/v2\/comments?post=344803"}],"version-history":[{"count":0,"href":"https:\/\/www.europesays.com\/fr\/wp-json\/wp\/v2\/posts\/344803\/revisions"}],"wp:featuredmedia":[{"embeddable":true,"href":"https:\/\/www.europesays.com\/fr\/wp-json\/wp\/v2\/media\/41420"}],"wp:attachment":[{"href":"https:\/\/www.europesays.com\/fr\/wp-json\/wp\/v2\/media?parent=344803"}],"wp:term":[{"taxonomy":"category","embeddable":true,"href":"https:\/\/www.europesays.com\/fr\/wp-json\/wp\/v2\/categories?post=344803"},{"taxonomy":"post_tag","embeddable":true,"href":"https:\/\/www.europesays.com\/fr\/wp-json\/wp\/v2\/tags?post=344803"}],"curies":[{"name":"wp","href":"https:\/\/api.w.org\/{rel}","templated":true}]}}