{"id":344814,"date":"2025-08-26T09:07:12","date_gmt":"2025-08-26T09:07:12","guid":{"rendered":"https:\/\/www.europesays.com\/fr\/344814\/"},"modified":"2025-08-26T09:07:12","modified_gmt":"2025-08-26T09:07:12","slug":"si-vous-utilisez-des-cameras-de-surveillance-chez-vous-gare-aux-piratages","status":"publish","type":"post","link":"https:\/\/www.europesays.com\/fr\/344814\/","title":{"rendered":"Si vous utilisez des cam\u00e9ras de surveillance chez vous, gare aux piratages"},"content":{"rendered":"<p>Qui dit <a href=\"https:\/\/www.20minutes.fr\/dossier\/maison\" class=\"c-link c-link--is-underlined\" target=\"_blank\" rel=\"noopener\">maison connect\u00e9e<\/a> dit probl\u00e8mes connect\u00e9s. La semaine derni\u00e8re, un animateur de t\u00e9l\u00e9vision italien, Stefano De Martino, en a fait les frais. Des images \u00e0 caract\u00e8re sexuel de lui et sa compagne se sont retrouv\u00e9s sur le Net. Elles avaient \u00e9t\u00e9 captur\u00e9es par le syst\u00e8me de <a href=\"https:\/\/www.20minutes.fr\/dossier\/camera\" class=\"c-link c-link--is-underlined\" target=\"_blank\" rel=\"noopener\">cam\u00e9ras<\/a> de son domicile, qui a \u00e9t\u00e9 pirat\u00e9.<\/p>\n<p>Selon des donn\u00e9es de l\u2019<a href=\"https:\/\/www.insee.fr\/fr\/statistiques\/2384174\" rel=\"nofollow noopener\" target=\"_blank\" class=\"c-link c-link--is-underlined\">Insee<\/a>, 10\u00a0% des habitations sont \u00e9quip\u00e9es de cam\u00e9ra de surveillance. Difficile de dire si leur piratage est en augmentation \u2013 beaucoup de victimes ne rapportent pas forc\u00e9ment l\u2019incident, ou ne sont m\u00eame pas au courant \u2013, mais, selon Corinne Henin, experte en cybers\u00e9curit\u00e9 et experte judiciaire pr\u00e8s la cour d\u2019appel de Montpellier, \u00ab\u00a0cela l\u2019est suffisamment pour qu\u2019on en parle r\u00e9guli\u00e8rement, et depuis assez longtemps. Dans les ann\u00e9es 2005-2010, on parlait d\u00e9j\u00e0 de <a href=\"https:\/\/www.20minutes.fr\/dossier\/webcam\" class=\"c-link c-link--is-underlined\" target=\"_blank\" rel=\"noopener\">webcams<\/a> pirat\u00e9es\u00a0\u00bb. Des sites comme <a href=\"http:\/\/insecam.org\/\" rel=\"nofollow noopener\" target=\"_blank\" class=\"c-link c-link--is-underlined\">Insecam<\/a> proposent de consulter des milliers de flux vid\u00e9os issus de cam\u00e9ras de surveillance pirat\u00e9es. Dans ce cas pr\u00e9cis, ce ne sont que des lieux publics, mais c\u2019est sans compter les autres pages Web, moins scrupuleuses qui diffusent parfois des images du domicile de leurs victimes.<\/p>\n<p>\u00ab\u00a0Chaque objet connect\u00e9 rajoute une porte d\u2019entr\u00e9e\u00a0\u00bb<\/p>\n<p>Les \u00e9l\u00e9ments de l\u2019enqu\u00eate sur le piratage des cam\u00e9ras de Stefano De Martino n\u2019ont pas indiqu\u00e9 de m\u00e9thode particuli\u00e8re employ\u00e9e par les pirates. Mais les appareils de s\u00e9curit\u00e9 pr\u00e9sentent des failles facilement exploitables. \u00ab\u00a0Il est probable qu\u2019il s\u2019agisse de quelque chose de tr\u00e8s simple, comme le fait que le mot de passe par d\u00e9faut n\u2019a jamais \u00e9t\u00e9 chang\u00e9, que le mot de passe soit facile \u00e0 trouver ou encore qu\u2019il existe une vuln\u00e9rabilit\u00e9 dans le mat\u00e9riel utilis\u00e9 et que la personne ne l\u2019a jamais mis \u00e0 jour\u00a0\u00bb, avance Corinne Henin.<\/p>\n<\/p>\n<p>Pour \u00e9viter d\u2019\u00eatre la prochaine victime, il y a quelques points \u00e0 garder en t\u00eate. D\u00e9j\u00e0, se demander si on a vraiment besoin de ce gadget connect\u00e9 qui filme les personnes qui sonnent pendant que vous n\u2019\u00eates pas l\u00e0. \u00ab\u00a0A chaque fois qu\u2019on ajoute un objet connect\u00e9 \u00e0 sa maison, \u00e7a rajoute une porte d\u2019entr\u00e9e potentielle \u00e0 un pirate et un endroit qu\u2019il faut s\u00e9curiser\u00a0\u00bb, avertit Corinne Henin. Deuxi\u00e8me conseil\u00a0: changer les mots de passe par d\u00e9faut, pour des codes complexes et diff\u00e9rents pour chaque objet.<\/p>\n<p>\u00ab\u00a0Mettez \u00e0 jour votre mat\u00e9riel d\u00e8s qu\u2019une mise \u00e0 jour est fournie, car cela signifie la plupart du temps qu\u2019il y a une faille de s\u00e9curit\u00e9 qui a \u00e9t\u00e9 trouv\u00e9e dans le mat\u00e9riel\u00a0\u00bb, ajoute encore Corinne Henin. Elle recommande aussi d\u2019acheter des marques reconnues. A d\u00e9faut d\u2019\u00eatre intrins\u00e8quement meilleures, celles-ci sont plus susceptibles de durer dans le temps, et donc de fournir plus de mises \u00e0 jour. Si \u00e7a peut \u00e9viter \u00e0 une <a href=\"https:\/\/www.20minutes.fr\/dossier\/sextape\" class=\"c-link c-link--is-underlined\" target=\"_blank\" rel=\"noopener\">sextape <\/a>impromptue de finir en ligne, on prend.<\/p>\n","protected":false},"excerpt":{"rendered":"Qui dit maison connect\u00e9e dit probl\u00e8mes connect\u00e9s. La semaine derni\u00e8re, un animateur de t\u00e9l\u00e9vision italien, Stefano De Martino,&hellip;\n","protected":false},"author":2,"featured_media":344815,"comment_status":"","ping_status":"","sticky":false,"template":"","format":"standard","meta":{"footnotes":""},"categories":[2],"tags":[11,9071,39826,1075,1011,27,142,1908,2142,12,16421,48100,104,48099],"class_list":{"0":"post-344814","1":"post","2":"type-post","3":"status-publish","4":"format-standard","5":"has-post-thumbnail","7":"category-actualites","8":"tag-actualites","9":"tag-appartement","10":"tag-camera","11":"tag-cybersecurite","12":"tag-fr","13":"tag-france","14":"tag-high-tech","15":"tag-logement","16":"tag-maison","17":"tag-news","18":"tag-piratage","19":"tag-sextape","20":"tag-societe","21":"tag-webcam"},"share_on_mastodon":{"url":"https:\/\/pubeurope.com\/@fr\/115094280150537060","error":""},"_links":{"self":[{"href":"https:\/\/www.europesays.com\/fr\/wp-json\/wp\/v2\/posts\/344814","targetHints":{"allow":["GET"]}}],"collection":[{"href":"https:\/\/www.europesays.com\/fr\/wp-json\/wp\/v2\/posts"}],"about":[{"href":"https:\/\/www.europesays.com\/fr\/wp-json\/wp\/v2\/types\/post"}],"author":[{"embeddable":true,"href":"https:\/\/www.europesays.com\/fr\/wp-json\/wp\/v2\/users\/2"}],"replies":[{"embeddable":true,"href":"https:\/\/www.europesays.com\/fr\/wp-json\/wp\/v2\/comments?post=344814"}],"version-history":[{"count":0,"href":"https:\/\/www.europesays.com\/fr\/wp-json\/wp\/v2\/posts\/344814\/revisions"}],"wp:featuredmedia":[{"embeddable":true,"href":"https:\/\/www.europesays.com\/fr\/wp-json\/wp\/v2\/media\/344815"}],"wp:attachment":[{"href":"https:\/\/www.europesays.com\/fr\/wp-json\/wp\/v2\/media?parent=344814"}],"wp:term":[{"taxonomy":"category","embeddable":true,"href":"https:\/\/www.europesays.com\/fr\/wp-json\/wp\/v2\/categories?post=344814"},{"taxonomy":"post_tag","embeddable":true,"href":"https:\/\/www.europesays.com\/fr\/wp-json\/wp\/v2\/tags?post=344814"}],"curies":[{"name":"wp","href":"https:\/\/api.w.org\/{rel}","templated":true}]}}