{"id":344821,"date":"2025-08-26T09:15:16","date_gmt":"2025-08-26T09:15:16","guid":{"rendered":"https:\/\/www.europesays.com\/fr\/344821\/"},"modified":"2025-08-26T09:15:16","modified_gmt":"2025-08-26T09:15:16","slug":"appel-a-temoignages-etudiant-vous-avez-galere-ou-vous-galerez-toujours-a-trouver-une-formation-a-la-veille-de-la-rentree-racontez-nous","status":"publish","type":"post","link":"https:\/\/www.europesays.com\/fr\/344821\/","title":{"rendered":"APPEL \u00c0 T\u00c9MOIGNAGES Etudiant, vous avez gal\u00e9r\u00e9 ou vous gal\u00e9rez toujours \u00e0 trouver une formation \u00e0 la veille de la rentr\u00e9e, racontez-nous"},"content":{"rendered":"<p>\n                                                                Alors que la majorit\u00e9 se pr\u00e9pare \u00e0 la rentr\u00e9e, certains jeunes se retrouvent sans affectation ou ont eu s\u00e9rieusement du mal \u00e0 trouver un cursus \u00e0 Montpellier. Si c\u2019est votre cas, racontez-nous\u00a0!\n                            <\/p>\n<p>La rentr\u00e9e scolaire se profile. Apr\u00e8s les diff\u00e9rents r\u00e9sultats, dipl\u00f4mes, Parcoursup, inscriptions\u2026 beaucoup se pr\u00e9parent \u00e0 entamer une ann\u00e9e \u00e0 \u00e9tudier, \u00e0 se former\u2026<\/p>\n<p>Or certains Montpelli\u00e9rains n\u2019ont toujours pas trouv\u00e9 d\u2019affectation pour cette ann\u00e9e scolaire ou ont vraiment gal\u00e9r\u00e9.<\/p>\n<p>Votre t\u00e9moignage nous int\u00e9resse<\/p>\n<p>Si c\u2019est votre cas et que vous souhaitez partager votre exp\u00e9rience, entre stress, espoir et incompr\u00e9hension, contactez-nous sur <strong>lducos@midilibre.com<\/strong> en pr\u00e9cisant votre nom, votre situation en quelques mots, et surtout vos coordonn\u00e9es t\u00e9l\u00e9phoniques. Votre t\u00e9moignage pourra ainsi servir \u00e0 la r\u00e9daction d\u2019un article.\u00a0L\u2019anonymat peut \u00e9videmment \u00eatre garanti.<\/p>\n","protected":false},"excerpt":{"rendered":"Alors que la majorit\u00e9 se pr\u00e9pare \u00e0 la rentr\u00e9e, certains jeunes se retrouvent sans affectation ou ont eu&hellip;\n","protected":false},"author":2,"featured_media":344822,"comment_status":"","ping_status":"","sticky":false,"template":"","format":"standard","meta":{"footnotes":""},"categories":[9599],"tags":[1111,11,1777,674,1011,27,2208,12,2680,25],"class_list":{"0":"post-344821","1":"post","2":"type-post","3":"status-publish","4":"format-standard","5":"has-post-thumbnail","7":"category-montpellier","8":"tag-actu","9":"tag-actualites","10":"tag-eu","11":"tag-europe","12":"tag-fr","13":"tag-france","14":"tag-montpellier","15":"tag-news","16":"tag-occitanie","17":"tag-republique-francaise"},"share_on_mastodon":{"url":"https:\/\/pubeurope.com\/@fr\/115094311633085433","error":""},"_links":{"self":[{"href":"https:\/\/www.europesays.com\/fr\/wp-json\/wp\/v2\/posts\/344821","targetHints":{"allow":["GET"]}}],"collection":[{"href":"https:\/\/www.europesays.com\/fr\/wp-json\/wp\/v2\/posts"}],"about":[{"href":"https:\/\/www.europesays.com\/fr\/wp-json\/wp\/v2\/types\/post"}],"author":[{"embeddable":true,"href":"https:\/\/www.europesays.com\/fr\/wp-json\/wp\/v2\/users\/2"}],"replies":[{"embeddable":true,"href":"https:\/\/www.europesays.com\/fr\/wp-json\/wp\/v2\/comments?post=344821"}],"version-history":[{"count":0,"href":"https:\/\/www.europesays.com\/fr\/wp-json\/wp\/v2\/posts\/344821\/revisions"}],"wp:featuredmedia":[{"embeddable":true,"href":"https:\/\/www.europesays.com\/fr\/wp-json\/wp\/v2\/media\/344822"}],"wp:attachment":[{"href":"https:\/\/www.europesays.com\/fr\/wp-json\/wp\/v2\/media?parent=344821"}],"wp:term":[{"taxonomy":"category","embeddable":true,"href":"https:\/\/www.europesays.com\/fr\/wp-json\/wp\/v2\/categories?post=344821"},{"taxonomy":"post_tag","embeddable":true,"href":"https:\/\/www.europesays.com\/fr\/wp-json\/wp\/v2\/tags?post=344821"}],"curies":[{"name":"wp","href":"https:\/\/api.w.org\/{rel}","templated":true}]}}