{"id":344823,"date":"2025-08-26T09:16:10","date_gmt":"2025-08-26T09:16:10","guid":{"rendered":"https:\/\/www.europesays.com\/fr\/344823\/"},"modified":"2025-08-26T09:16:10","modified_gmt":"2025-08-26T09:16:10","slug":"il-evite-une-voiture-arrivant-face-a-lui-de-nuit-tous-feux-eteints-un-jeune-motard-victime-dune-sortie-de-route-pres-de-montpellier","status":"publish","type":"post","link":"https:\/\/www.europesays.com\/fr\/344823\/","title":{"rendered":"Il \u00e9vite une voiture arrivant face \u00e0 lui, de nuit, tous feux \u00e9teints\u00a0: un jeune motard victime d\u2019une sortie de route pr\u00e8s de Montpellier"},"content":{"rendered":"<p>\n                                                                L\u2019accident s\u2019est produit lundi 25\u00a0ao\u00fbt dans la soir\u00e9e, \u00e0 Fabr\u00e8gues, dans le secteur du Mont Saint-Bauzille.\n                            <\/p>\n<p>Un jeune motard de 18 ans a \u00e9t\u00e9 victime d\u2019une sortie de route, lundi 25\u00a0ao\u00fbt vers 22\u00a0h\u00a030 sur un chemin rural de Fabr\u00e8gues, \u00e0 l\u2019ouest de Montpellier.<\/p>\n<p>Bless\u00e9 \u00e0 une cheville<\/p>\n<p>Chemin de l\u2019Hermite, un\u00a0secteur situ\u00e9 entre l\u2019autoroute A9 et le Mont Saint-Bauzille, le pilote, n\u00e9gatif au test d\u2019alcool\u00e9mie, a expliqu\u00e9 avoir voulu \u00e9viter une voiture arrivant face \u00e0 lui, tous feux \u00e9teints. Dans sa chute, il a \u00e9t\u00e9 bless\u00e9 \u00e0 une cheville.<\/p>\n<p>L\u2019accident s\u2019est d\u00e9roul\u00e9 sans t\u00e9moin. Les gendarmes proc\u00e8dent \u00e0 des investigations.<\/p>\n","protected":false},"excerpt":{"rendered":"L\u2019accident s\u2019est produit lundi 25\u00a0ao\u00fbt dans la soir\u00e9e, \u00e0 Fabr\u00e8gues, dans le secteur du Mont Saint-Bauzille. Un jeune&hellip;\n","protected":false},"author":2,"featured_media":344824,"comment_status":"","ping_status":"","sticky":false,"template":"","format":"standard","meta":{"footnotes":""},"categories":[9599],"tags":[1111,11,1777,674,1011,27,2208,12,2680,25],"class_list":{"0":"post-344823","1":"post","2":"type-post","3":"status-publish","4":"format-standard","5":"has-post-thumbnail","7":"category-montpellier","8":"tag-actu","9":"tag-actualites","10":"tag-eu","11":"tag-europe","12":"tag-fr","13":"tag-france","14":"tag-montpellier","15":"tag-news","16":"tag-occitanie","17":"tag-republique-francaise"},"share_on_mastodon":{"url":"https:\/\/pubeurope.com\/@fr\/115094315517019008","error":""},"_links":{"self":[{"href":"https:\/\/www.europesays.com\/fr\/wp-json\/wp\/v2\/posts\/344823","targetHints":{"allow":["GET"]}}],"collection":[{"href":"https:\/\/www.europesays.com\/fr\/wp-json\/wp\/v2\/posts"}],"about":[{"href":"https:\/\/www.europesays.com\/fr\/wp-json\/wp\/v2\/types\/post"}],"author":[{"embeddable":true,"href":"https:\/\/www.europesays.com\/fr\/wp-json\/wp\/v2\/users\/2"}],"replies":[{"embeddable":true,"href":"https:\/\/www.europesays.com\/fr\/wp-json\/wp\/v2\/comments?post=344823"}],"version-history":[{"count":0,"href":"https:\/\/www.europesays.com\/fr\/wp-json\/wp\/v2\/posts\/344823\/revisions"}],"wp:featuredmedia":[{"embeddable":true,"href":"https:\/\/www.europesays.com\/fr\/wp-json\/wp\/v2\/media\/344824"}],"wp:attachment":[{"href":"https:\/\/www.europesays.com\/fr\/wp-json\/wp\/v2\/media?parent=344823"}],"wp:term":[{"taxonomy":"category","embeddable":true,"href":"https:\/\/www.europesays.com\/fr\/wp-json\/wp\/v2\/categories?post=344823"},{"taxonomy":"post_tag","embeddable":true,"href":"https:\/\/www.europesays.com\/fr\/wp-json\/wp\/v2\/tags?post=344823"}],"curies":[{"name":"wp","href":"https:\/\/api.w.org\/{rel}","templated":true}]}}