{"id":344829,"date":"2025-08-26T09:21:09","date_gmt":"2025-08-26T09:21:09","guid":{"rendered":"https:\/\/www.europesays.com\/fr\/344829\/"},"modified":"2025-08-26T09:21:09","modified_gmt":"2025-08-26T09:21:09","slug":"achat-immobilier-pres-de-grenoble-5-communes-ou-les-prix-des-maisons-ont-chute","status":"publish","type":"post","link":"https:\/\/www.europesays.com\/fr\/344829\/","title":{"rendered":"Achat immobilier pr\u00e8s de Grenoble : 5 communes o\u00f9 les prix des maisons ont chut\u00e9"},"content":{"rendered":"<p><strong>Charvieu-Chavagneux<\/strong>, au nord-ouest de <a data-entity-substitution=\"canonical\" data-entity-type=\"node\" data-entity-uuid=\"18488875-4f10-4dc0-9162-cf2fb9fdec57\" href=\"https:\/\/edito.seloger.com\/actualites\/regions\/nord-isere-acquereurs-recommencent-negocier-prix-maisons-article-14628.html\" rel=\"noopener\" target=\"_blank\">l\u2019Is\u00e8re<\/a>, se positionne entre Lyon, Cr\u00e9mieu et Bourgoin-Jallieu. Avec ses zones pavillonnaires, ses commerces et ses \u00e9coles, c\u2019est une commune <strong>attractive<\/strong> <strong>pour les familles<\/strong>.<\/p>\n<p>La baisse des prix marque une <strong>normalisation apr\u00e8s plusieurs ann\u00e9es de hausse<\/strong>, dans un contexte \u00e9conomique plus contraint. C\u2019est le bon moment pour y envisager un projet immobilier, notamment pour <strong>ceux qui privil\u00e9gient l\u2019espace et la tranquillit\u00e9<\/strong>.<\/p>\n<ul>\n<li><strong>Prix au m\u00b2 en 2025\u00a0: 2\u202f934\u00a0\u20ac<\/strong><br \/>\n\t\u00a0<\/li>\n<li><strong>\u00c9volution sur 3 ans\u00a0: -14,2\u00a0%<\/strong>.<\/li>\n<\/ul>\n","protected":false},"excerpt":{"rendered":"Charvieu-Chavagneux, au nord-ouest de l\u2019Is\u00e8re, se positionne entre Lyon, Cr\u00e9mieu et Bourgoin-Jallieu. Avec ses zones pavillonnaires, ses commerces&hellip;\n","protected":false},"author":2,"featured_media":205820,"comment_status":"","ping_status":"","sticky":false,"template":"","format":"standard","meta":{"footnotes":""},"categories":[9566],"tags":[1111,11,2430,1777,674,1011,27,2731,12,25],"class_list":{"0":"post-344829","1":"post","2":"type-post","3":"status-publish","4":"format-standard","5":"has-post-thumbnail","7":"category-grenoble","8":"tag-actu","9":"tag-actualites","10":"tag-auvergne-rhone-alpes","11":"tag-eu","12":"tag-europe","13":"tag-fr","14":"tag-france","15":"tag-grenoble","16":"tag-news","17":"tag-republique-francaise"},"share_on_mastodon":{"url":"https:\/\/pubeurope.com\/@fr\/115094335280924698","error":""},"_links":{"self":[{"href":"https:\/\/www.europesays.com\/fr\/wp-json\/wp\/v2\/posts\/344829","targetHints":{"allow":["GET"]}}],"collection":[{"href":"https:\/\/www.europesays.com\/fr\/wp-json\/wp\/v2\/posts"}],"about":[{"href":"https:\/\/www.europesays.com\/fr\/wp-json\/wp\/v2\/types\/post"}],"author":[{"embeddable":true,"href":"https:\/\/www.europesays.com\/fr\/wp-json\/wp\/v2\/users\/2"}],"replies":[{"embeddable":true,"href":"https:\/\/www.europesays.com\/fr\/wp-json\/wp\/v2\/comments?post=344829"}],"version-history":[{"count":0,"href":"https:\/\/www.europesays.com\/fr\/wp-json\/wp\/v2\/posts\/344829\/revisions"}],"wp:featuredmedia":[{"embeddable":true,"href":"https:\/\/www.europesays.com\/fr\/wp-json\/wp\/v2\/media\/205820"}],"wp:attachment":[{"href":"https:\/\/www.europesays.com\/fr\/wp-json\/wp\/v2\/media?parent=344829"}],"wp:term":[{"taxonomy":"category","embeddable":true,"href":"https:\/\/www.europesays.com\/fr\/wp-json\/wp\/v2\/categories?post=344829"},{"taxonomy":"post_tag","embeddable":true,"href":"https:\/\/www.europesays.com\/fr\/wp-json\/wp\/v2\/tags?post=344829"}],"curies":[{"name":"wp","href":"https:\/\/api.w.org\/{rel}","templated":true}]}}