{"id":34483,"date":"2025-04-18T16:37:07","date_gmt":"2025-04-18T16:37:07","guid":{"rendered":"https:\/\/www.europesays.com\/fr\/34483\/"},"modified":"2025-04-18T16:37:07","modified_gmt":"2025-04-18T16:37:07","slug":"marseille-carburant-a-prix-coutant-chez-leclerc-voici-quand-et-les-stations-concernees","status":"publish","type":"post","link":"https:\/\/www.europesays.com\/fr\/34483\/","title":{"rendered":"Marseille. Carburant \u00e0 \u00ab\u00a0prix coutant\u00a0\u00bb chez Leclerc, voici quand et les stations concern\u00e9es"},"content":{"rendered":"<p>            Par<br \/>\n        <strong><br \/>\n            <a href=\"https:\/\/actu.fr\/auteur\/fabien-binacchi\" title=\"Consulter tous les articles de Fabien Binacchi\" target=\"_blank\" rel=\"noopener\">Fabien Binacchi<\/a><br \/>\n        <\/strong><\/p>\n<p>        Publi\u00e9 le<\/p>\n<p>            18 avr. 2025 \u00e0 6h20<br \/>\n        ; mis \u00e0 jour le 18 avr. 2025 \u00e0 7h20    <\/p>\n<p>Mise \u00e0 jour le vendredi 18 avril 2025 \u00e0 7h20\u2009: Intermarch\u00e9 annonce une op\u00e9ration similaire ce vendredi et samedi 19 avril. Le carburant est \u00e0 prix co\u00fbtant dans les stations de ses supermarch\u00e9s participants (liste disponible <a href=\"https:\/\/assets.ctfassets.net\/26cqtpvnd0cd\/2SJdwDbBTb9499ISaOxpXj\/65300345d76af77d627e7ce6fb5ef3eb\/LISTE_IM_PARTICIPANTS_avril_2025.pdf\" target=\"_blank\" rel=\"noopener\">sur ce lien<\/a>).<\/p>\n<p class=\" wall-content\">Alors que <strong>le trafic routier promet d\u2019\u00eatre intense ce week-end de P\u00e2ques<\/strong> sur les routes, et notamment en Paca, Leclerc annonce vendre son carburant \u00e0 \u00ab\u2009prix co\u00fbtant\u2009\u00bb.<\/p>\n<p class=\" wall-content\">Voici quand vous pourrez en profiter et dans quelles stations \u00e0 <a href=\"https:\/\/actu.fr\/marseille\/\" target=\"_blank\" rel=\"noopener\">Marseille<\/a> et dans le d\u00e9partement des <a href=\"https:\/\/actu.fr\/provence-alpes-cote-d-azur\/bouches-du-rhone_13\" target=\"_blank\" rel=\"noopener\">Bouches-du-Rh\u00f4ne.<\/a><\/p>\n<p>Aucune marge appliqu\u00e9e<\/p>\n<p class=\" wall-content\">\u00c0 l\u2019occasion de ce week-end pascal, Leclerc annonce renouveler son op\u00e9ration \u00ab\u2009carburant \u00e0 prix co\u00fbtant\u2009\u00bb. Diesel et essence sont vendus \u00ab\u2009sans qu\u2019aucune marge ne soit appliqu\u00e9e\u2009\u00bb <strong>ce vendredi 18\u00a0avril, samedi et dimanche,<\/strong> pr\u00e9cise l\u2019acteur de la grande distribution.<\/p>\n<blockquote class=\"ac-article-quote wall-content\">\n<p>P\u00e2ques est une p\u00e9riode o\u00f9 les d\u00e9placements peuvent peser lourd sur le budget, quelques<br \/>\nsemaines avant les vacances d\u2019\u00e9t\u00e9. En maintenant nos engagements pour le pouvoir<br \/>\nd\u2019achat, nous proposons une mesure utile, imm\u00e9diate et sans condition.<\/p>\n<p>    <strong>Michel-\u00c9douard Leclerc<\/strong><br \/>\n        Pr\u00e9sident du Comit\u00e9 strat\u00e9gique des Centres E.Leclerc    <\/p><\/blockquote>\n<p>Quelques centimes par litre<\/p>\n<p class=\" wall-content\">Une bonne op\u00e9ration alors que <a href=\"https:\/\/actu.fr\/provence-alpes-cote-d-azur\/marseille_13055\/prix-de-l-essence-a-la-baisse-a-marseille-voici-les-stations-les-moins-cheres_62518442.html\" target=\"_blank\" rel=\"noopener\">le prix de l\u2019essence est d\u00e9j\u00e0 au plus bas depuis longtemps\u2009:<\/a> une cons\u00e9quence des <strong>incertitudes mondiales actuelles. <\/strong>Et m\u00eame si, dans les faits, l\u2019\u00e9conomie suppl\u00e9mentaire ne sera que de quelques centimes par litre.<\/p>\n<p>Vid\u00e9os : en ce moment sur Actu<\/p>\n<p class=\" wall-content\">Le prix du carburant \u00e9tant compos\u00e9 du co\u00fbt du p\u00e9trole brut, mais surtout \u00e0 pr\u00e8s de 60\u2009% par des taxes (TVA, TICPE)\u2009: <strong>les marges ne repr\u00e9sentent qu\u2019une infime partie.<\/strong><\/p>\n<p>Sept centres dans le d\u00e9partement<\/p>\n<p class=\" wall-content\">Le seul centre E. Leclerc de Marseille, <strong>chemin de Sormiou, dans le 9e arrondissement,<\/strong> est concern\u00e9 par l\u2019op\u00e9ration. Bonne nouvelle\u2009: cette station est d\u00e9j\u00e0, hors op\u00e9ration sp\u00e9ciale, la moins ch\u00e8re de la cit\u00e9 phoc\u00e9enne, selon <a href=\"https:\/\/www.auto-moto.com\/en-bref\/prix-de-lessence-les-stations-les-moins-cheres-dans-les-grandes-villes-15407\" target=\"_blank\" rel=\"noopener\">Auto-moto.com.<\/a><\/p>\n<p class=\" wall-content\"><strong>Les autres stations des Bouches-du-Rh\u00f4ne participantes<\/strong><\/p>\n<ul class=\" wall-content\">\n<li>E.Leclerc Arles, avenue de la Lib\u00e9ration<\/li>\n<li>E.Leclerc Cabries, Plan de Campagne<\/li>\n<li>E.Leclerc Istres, quartier des Craux,<\/li>\n<li>E.Leclerc Marignane, Chemin Saint-Pierre<\/li>\n<li>E.Leclerc Salon-de-Provence, Centre commercial \u00ab\u2009Les Viougues\u2009\u00bb<\/li>\n<li>E.Leclerc Vitrolles, Centre commercial \u00ab\u2009Les Deux places\u2009\u00bb<\/li>\n<\/ul>\n<p class=\" wall-content\">Attention, les stations de l\u2019aire de Peypin, sur l\u2019A52, ne participent pas \u00e0 l\u2019op\u00e9ration. Pensez donc \u00e0 faire le plein avant de partir, si vous souhaitez b\u00e9n\u00e9ficier du meilleur prix.<\/p>\n<p class=\" wall-content\">Suivez toute l\u2019actualit\u00e9 de vos villes et m\u00e9dias favoris en vous inscrivant \u00e0 <a href=\"https:\/\/moncompte.actu.fr\" title=\"D\u00e9couvez Mon Actu\" rel=\"nofollow noopener\" data-trk=\"{&quot;cta&quot;:{&quot;action&quot;:&quot;https:\\\/\\\/moncompte.actu.fr&quot;,&quot;category&quot;:&quot;mon compte&quot;,&quot;from&quot;:&quot;article footer&quot;,&quot;name&quot;:&quot;Mon actu&quot;,&quot;type&quot;:&quot;cta&quot;}}\" target=\"_blank\">Mon Actu<\/a>.<\/p>\n","protected":false},"excerpt":{"rendered":"Par Fabien Binacchi Publi\u00e9 le 18 avr. 2025 \u00e0 6h20 ; mis \u00e0 jour le 18 avr. 2025&hellip;\n","protected":false},"author":2,"featured_media":34484,"comment_status":"","ping_status":"","sticky":false,"template":"","format":"standard","meta":{"footnotes":""},"categories":[2814],"tags":[1111,11,4996,33,1777,674,1011,27,7755,884,12,4769,882,25],"class_list":{"0":"post-34483","1":"post","2":"type-post","3":"status-publish","4":"format-standard","5":"has-post-thumbnail","7":"category-marseille","8":"tag-actu","9":"tag-actualites","10":"tag-carburants","11":"tag-economie","12":"tag-eu","13":"tag-europe","14":"tag-fr","15":"tag-france","16":"tag-leclerc","17":"tag-marseille","18":"tag-news","19":"tag-paques","20":"tag-provence-alpes-cote-dazur","21":"tag-republique-francaise"},"share_on_mastodon":{"url":"https:\/\/pubeurope.com\/@fr\/114359949301879141","error":""},"_links":{"self":[{"href":"https:\/\/www.europesays.com\/fr\/wp-json\/wp\/v2\/posts\/34483","targetHints":{"allow":["GET"]}}],"collection":[{"href":"https:\/\/www.europesays.com\/fr\/wp-json\/wp\/v2\/posts"}],"about":[{"href":"https:\/\/www.europesays.com\/fr\/wp-json\/wp\/v2\/types\/post"}],"author":[{"embeddable":true,"href":"https:\/\/www.europesays.com\/fr\/wp-json\/wp\/v2\/users\/2"}],"replies":[{"embeddable":true,"href":"https:\/\/www.europesays.com\/fr\/wp-json\/wp\/v2\/comments?post=34483"}],"version-history":[{"count":0,"href":"https:\/\/www.europesays.com\/fr\/wp-json\/wp\/v2\/posts\/34483\/revisions"}],"wp:featuredmedia":[{"embeddable":true,"href":"https:\/\/www.europesays.com\/fr\/wp-json\/wp\/v2\/media\/34484"}],"wp:attachment":[{"href":"https:\/\/www.europesays.com\/fr\/wp-json\/wp\/v2\/media?parent=34483"}],"wp:term":[{"taxonomy":"category","embeddable":true,"href":"https:\/\/www.europesays.com\/fr\/wp-json\/wp\/v2\/categories?post=34483"},{"taxonomy":"post_tag","embeddable":true,"href":"https:\/\/www.europesays.com\/fr\/wp-json\/wp\/v2\/tags?post=34483"}],"curies":[{"name":"wp","href":"https:\/\/api.w.org\/{rel}","templated":true}]}}