{"id":344842,"date":"2025-08-26T09:29:19","date_gmt":"2025-08-26T09:29:19","guid":{"rendered":"https:\/\/www.europesays.com\/fr\/344842\/"},"modified":"2025-08-26T09:29:19","modified_gmt":"2025-08-26T09:29:19","slug":"les-arbitres-de-nantes-aja","status":"publish","type":"post","link":"https:\/\/www.europesays.com\/fr\/344842\/","title":{"rendered":"Les arbitres de Nantes-AJA"},"content":{"rendered":"<p>        <img loading=\"lazy\" decoding=\"async\" class=\"post-thumbnail__img webpexpress-processed\" src=\"https:\/\/www.europesays.com\/fr\/wp-content\/uploads\/2025\/08\/stephanie_frappart_fff.jpg\" alt=\"\" width=\"1000\" height=\"670\"\/><\/p>\n<p class=\"has-text-align-center\"><strong>Voici les arbitres qui officieront samedi lors du match entre le FC Nantes et l\u2019AJA (19h).<\/strong><\/p>\n<p>Le match de la 3e journ\u00e9e de Ligue 1 McDonald\u2019s entre le FC Nantes et l\u2019AJ Auxerre, samedi \u00e0 19h, sera dirig\u00e9 par St\u00e9phanie Frappart. Elle sera accompagn\u00e9s par Mikael Berchebru, Steven Torregrossa (assistants) et Dorian Bovolenta (4e arbitre).<\/p>\n<p>\u00a9 Cr\u00e9dit photo FFF<\/p>\n<p class=\"share-news__wording\"> Partagez cet article avec vos amis et soutenez l\u2019\u00e9quipe<\/p>\n<p class=\"single-news__share-text\">\n                    \u00a9 2022 AJ Auxerre \u2013 tous droits r\u00e9serv\u00e9s. L\u2019utilisation des citations et les visuels de cet article doit \u00eatre accord\u00e9e au pr\u00e9alable et                     <a class=\"single-news-share__share-text-link\" href=\"https:\/\/www.aja.fr\/\" rel=\"nofollow noopener\" target=\"_blank\">www.aja.fr<\/a><br \/>\n                     doit \u00eatre cit\u00e9 en tant que source.                <\/p>\n","protected":false},"excerpt":{"rendered":"Voici les arbitres qui officieront samedi lors du match entre le FC Nantes et l\u2019AJA (19h). Le match&hellip;\n","protected":false},"author":2,"featured_media":344843,"comment_status":"","ping_status":"","sticky":false,"template":"","format":"standard","meta":{"footnotes":""},"categories":[2818],"tags":[1111,11,1777,674,1011,27,766,12,2636,25],"class_list":{"0":"post-344842","1":"post","2":"type-post","3":"status-publish","4":"format-standard","5":"has-post-thumbnail","7":"category-nantes","8":"tag-actu","9":"tag-actualites","10":"tag-eu","11":"tag-europe","12":"tag-fr","13":"tag-france","14":"tag-nantes","15":"tag-news","16":"tag-pays-de-la-loire","17":"tag-republique-francaise"},"share_on_mastodon":{"url":"https:\/\/pubeurope.com\/@fr\/115094366801153866","error":""},"_links":{"self":[{"href":"https:\/\/www.europesays.com\/fr\/wp-json\/wp\/v2\/posts\/344842","targetHints":{"allow":["GET"]}}],"collection":[{"href":"https:\/\/www.europesays.com\/fr\/wp-json\/wp\/v2\/posts"}],"about":[{"href":"https:\/\/www.europesays.com\/fr\/wp-json\/wp\/v2\/types\/post"}],"author":[{"embeddable":true,"href":"https:\/\/www.europesays.com\/fr\/wp-json\/wp\/v2\/users\/2"}],"replies":[{"embeddable":true,"href":"https:\/\/www.europesays.com\/fr\/wp-json\/wp\/v2\/comments?post=344842"}],"version-history":[{"count":0,"href":"https:\/\/www.europesays.com\/fr\/wp-json\/wp\/v2\/posts\/344842\/revisions"}],"wp:featuredmedia":[{"embeddable":true,"href":"https:\/\/www.europesays.com\/fr\/wp-json\/wp\/v2\/media\/344843"}],"wp:attachment":[{"href":"https:\/\/www.europesays.com\/fr\/wp-json\/wp\/v2\/media?parent=344842"}],"wp:term":[{"taxonomy":"category","embeddable":true,"href":"https:\/\/www.europesays.com\/fr\/wp-json\/wp\/v2\/categories?post=344842"},{"taxonomy":"post_tag","embeddable":true,"href":"https:\/\/www.europesays.com\/fr\/wp-json\/wp\/v2\/tags?post=344842"}],"curies":[{"name":"wp","href":"https:\/\/api.w.org\/{rel}","templated":true}]}}