{"id":344846,"date":"2025-08-26T09:31:11","date_gmt":"2025-08-26T09:31:11","guid":{"rendered":"https:\/\/www.europesays.com\/fr\/344846\/"},"modified":"2025-08-26T09:31:11","modified_gmt":"2025-08-26T09:31:11","slug":"opposee-a-la-reouverture-dune-enquete-la-soeur-de-krisztina-rady-explique-son-choix","status":"publish","type":"post","link":"https:\/\/www.europesays.com\/fr\/344846\/","title":{"rendered":"oppos\u00e9e \u00e0 la r\u00e9ouverture d&rsquo;une enqu\u00eate, la s\u0153ur de Krisztina Rady explique son choix"},"content":{"rendered":"<p>            Par<br \/>\n        <strong><br \/>\n            <a href=\"https:\/\/actu.fr\/auteur\/redaction-bordeaux\" title=\"Consulter tous les articles de R\u00e9daction Bordeaux\" rel=\"nofollow noopener\" target=\"_blank\">R\u00e9daction Bordeaux<\/a><br \/>\n        <\/strong><\/p>\n<p>        Publi\u00e9 le<\/p>\n<p>            26 ao\u00fbt 2025 \u00e0 11h20        <\/p>\n<p>Depuis plus d\u2019un mois, <a href=\"https:\/\/actu.fr\/nouvelle-aquitaine\/bordeaux_33063\/apres-le-documentaire-sur-bertrand-cantat-le-parquet-de-bordeaux-rouvre-l-enquete-sur-la-mort-de-son-ex-femme_62952038.html\" rel=\"nofollow noopener\" target=\"_blank\">Bertrand Cantat<\/a> est de nouveau au centre des d\u00e9bats. Le 24\u00a0juillet 2025, le parquet de Bordeaux avait d\u00e9cid\u00e9 de rouvrir une enqu\u00eate sur la <strong>mort<\/strong> de <a href=\"https:\/\/actu.fr\/nouvelle-aquitaine\/bordeaux_33063\/ni-oubli-ni-pardon-pourquoi-le-nom-du-maire-de-bordeaux-revient-dans-l-affaire-cantat_62551724.html\" rel=\"nofollow noopener\" target=\"_blank\">Krisztina Rady<\/a>, ex-femme du chanteur. En 2010, elle avait \u00e9t\u00e9 retrouv\u00e9e pendue \u00e0 son domicile bordelais tandis que Bertrand Cantat dormait dans ce logement.<\/p>\n<p class=\" wall-content\">Une d\u00e9cision prise apr\u00e8s la sortie du<strong> documentaire diffus\u00e9 sur Netflix<\/strong> autour de Bertrand Cantat, le 27\u00a0mars dernier. Le troisi\u00e8me \u00e9pisode est notamment consacr\u00e9 \u00e0 l\u2019histoire entre la femme de lettres hongroise et l\u2019ex-chanteur de Noir D\u00e9sir, qui l\u2019avait quitt\u00e9e alors qu\u2019elle venait d\u2019accoucher. Condamn\u00e9 pour le meurtre de<strong> Marie Trintignan<\/strong>t \u00e0 Vilnius en 2003, Bertrand Cantat avait \u00e9t\u00e9 soutenu par son ex-compagne lors du proc\u00e8s et les ann\u00e9es suivantes.<\/p>\n<p>La famille contre la r\u00e9ouverture de l\u2019enqu\u00eate<\/p>\n<p class=\" wall-content\">Tr\u00e8s rapidement, la famille de Krisztina Rady s\u2019est exprim\u00e9e sur cette d\u00e9cision prise par le parquet de Bordeaux. Le 1er ao\u00fbt, les avocats annoncent que les proches de la d\u00e9funte <strong>s\u2019opposent<\/strong> \u00e0 l\u2019enqu\u00eate sur \u00ab\u2009d\u2019\u00e9ventuels faits de violences volontaires\u2009\u00bb commis par le chanteur.<\/p>\n<p class=\" wall-content\">Le lundi 25\u00a0ao\u00fbt, Andrea Rady, s\u0153ur de Krisztina Rady, a donn\u00e9 plus de d\u00e9tails aupr\u00e8s de <a href=\"https:\/\/www.rtl.fr\/actu\/justice-faits-divers\/info-rtl-bertrand-cantat-la-soeur-de-krisztina-rady-en-desaccord-avec-la-reouverture-d-une-enquete-s-explique-7900532957\" rel=\"nofollow noopener\" target=\"_blank\">RTL<\/a>. Pour elle, les investigations devaient aller jusqu\u2019au bout \u00e0 l\u2019\u00e9poque des faits, en 2010. \u00ab\u2009Apr\u00e8s tout ce temps, <strong>\u00e7a n\u2019a plus de sens<\/strong>\u2009\u00bb, estime la s\u0153ur de l\u2019ex-femme de Bertrand Cantat, par l\u2019interm\u00e9diaire de son avocat.<\/p>\n<p class=\" wall-content\">\u00c9galement, l\u2019avocat a pr\u00e9cis\u00e9 \u00e0 RTL que le p\u00e8re de Krisztina Rady est r\u00e9cemment d\u00e9c\u00e9d\u00e9 et que la m\u00e8re, \u00e2g\u00e9e de 82\u00a0ans, souffre de troubles cognitifs qui ne lui permettent plus de s\u2019exprimer sur ce dossier.<\/p>\n<p class=\" wall-content\">Personnalisez votre actualit\u00e9 en ajoutant vos villes et m\u00e9dias en favori avec <a href=\"https:\/\/moncompte.actu.fr\" title=\"D\u00e9couvez Mon Actu\" rel=\"nofollow noopener\" data-trk=\"{&quot;cta&quot;:{&quot;action&quot;:&quot;https:\\\/\\\/moncompte.actu.fr&quot;,&quot;category&quot;:&quot;mon compte&quot;,&quot;from&quot;:&quot;article footer&quot;,&quot;name&quot;:&quot;Mon actu&quot;,&quot;type&quot;:&quot;cta&quot;}}\" target=\"_blank\">Mon Actu<\/a>.<\/p>\n","protected":false},"excerpt":{"rendered":"Par R\u00e9daction Bordeaux Publi\u00e9 le 26 ao\u00fbt 2025 \u00e0 11h20 Depuis plus d\u2019un mois, Bertrand Cantat est de&hellip;\n","protected":false},"author":2,"featured_media":344847,"comment_status":"","ping_status":"","sticky":false,"template":"","format":"standard","meta":{"footnotes":""},"categories":[2817],"tags":[1111,11,1997,1777,674,1011,27,303,12,2219,25,104],"class_list":{"0":"post-344846","1":"post","2":"type-post","3":"status-publish","4":"format-standard","5":"has-post-thumbnail","7":"category-bordeaux","8":"tag-actu","9":"tag-actualites","10":"tag-bordeaux","11":"tag-eu","12":"tag-europe","13":"tag-fr","14":"tag-france","15":"tag-justice","16":"tag-news","17":"tag-nouvelle-aquitaine","18":"tag-republique-francaise","19":"tag-societe"},"share_on_mastodon":{"url":"https:\/\/pubeurope.com\/@fr\/115094374615526083","error":""},"_links":{"self":[{"href":"https:\/\/www.europesays.com\/fr\/wp-json\/wp\/v2\/posts\/344846","targetHints":{"allow":["GET"]}}],"collection":[{"href":"https:\/\/www.europesays.com\/fr\/wp-json\/wp\/v2\/posts"}],"about":[{"href":"https:\/\/www.europesays.com\/fr\/wp-json\/wp\/v2\/types\/post"}],"author":[{"embeddable":true,"href":"https:\/\/www.europesays.com\/fr\/wp-json\/wp\/v2\/users\/2"}],"replies":[{"embeddable":true,"href":"https:\/\/www.europesays.com\/fr\/wp-json\/wp\/v2\/comments?post=344846"}],"version-history":[{"count":0,"href":"https:\/\/www.europesays.com\/fr\/wp-json\/wp\/v2\/posts\/344846\/revisions"}],"wp:featuredmedia":[{"embeddable":true,"href":"https:\/\/www.europesays.com\/fr\/wp-json\/wp\/v2\/media\/344847"}],"wp:attachment":[{"href":"https:\/\/www.europesays.com\/fr\/wp-json\/wp\/v2\/media?parent=344846"}],"wp:term":[{"taxonomy":"category","embeddable":true,"href":"https:\/\/www.europesays.com\/fr\/wp-json\/wp\/v2\/categories?post=344846"},{"taxonomy":"post_tag","embeddable":true,"href":"https:\/\/www.europesays.com\/fr\/wp-json\/wp\/v2\/tags?post=344846"}],"curies":[{"name":"wp","href":"https:\/\/api.w.org\/{rel}","templated":true}]}}