{"id":344848,"date":"2025-08-26T09:32:09","date_gmt":"2025-08-26T09:32:09","guid":{"rendered":"https:\/\/www.europesays.com\/fr\/344848\/"},"modified":"2025-08-26T09:32:09","modified_gmt":"2025-08-26T09:32:09","slug":"auch-fete-la-liberation-concert-gratuit-de-la-musique-des-parachutistes","status":"publish","type":"post","link":"https:\/\/www.europesays.com\/fr\/344848\/","title":{"rendered":"Auch f\u00eate la Lib\u00e9ration : concert gratuit de la Musique des parachutistes"},"content":{"rendered":"<p>Dans le cadre de l\u2019anniversaire de la Lib\u00e9ration d\u2019Auch, la ville accueillera <strong>le jeudi 28 ao\u00fbt \u00e0 21 heures sur le parvis de la cath\u00e9drale<\/strong>, la Musique des parachutistes de Toulouse, en collaboration avec la direction militaire d\u00e9partementale du Gers. A l\u2019occasion de ce concert gratuit qui fait suite au succ\u00e8s du bal r\u00e9tro propos\u00e9 le 18 juin dernier, venez vibrer aux sons d\u2019un orchestre majestueux, ambassadeur de l\u2019harmonie classique, qui proposera un r\u00e9pertoire vari\u00e9 : classique, jazz, musiques de films\u2026<\/p>\n<p>Une formation ambassadrice des troupes a\u00e9roport\u00e9es<\/p>\n<p>La musique militaire de Toulouse est h\u00e9riti\u00e8re de la musique de l\u2019\u00e9cole d\u2019artillerie dont les origines, d\u2019apr\u00e8s certains manuscrits ou copies musicales, remontent \u00e0 1888. En 1999, apr\u00e8s la r\u00e9organisation engendr\u00e9e par la professionnalisation de l\u2019Arm\u00e9e de terre, la musique de Toulouse figure parmi les cinq musiques militaires professionnelles, qui subsisteront en prenant l\u2019appellation de musique de r\u00e9gion terre sud-ouest.<\/p>\n<p>Enfin, depuis le 1er Janvier 2011, la musique militaire de Toulouse prend le nom de Musique des Parachutistes, qui met en avant son r\u00f4le d\u2019ambassadrice des troupes a\u00e9roport\u00e9es qui se produit partout en France.<\/p>\n","protected":false},"excerpt":{"rendered":"Dans le cadre de l\u2019anniversaire de la Lib\u00e9ration d\u2019Auch, la ville accueillera le jeudi 28 ao\u00fbt \u00e0 21&hellip;\n","protected":false},"author":2,"featured_media":344849,"comment_status":"","ping_status":"","sticky":false,"template":"","format":"standard","meta":{"footnotes":""},"categories":[2816],"tags":[1111,11,48101,1777,674,1011,27,12,2680,25,2312],"class_list":{"0":"post-344848","1":"post","2":"type-post","3":"status-publish","4":"format-standard","5":"has-post-thumbnail","7":"category-toulouse","8":"tag-actu","9":"tag-actualites","10":"tag-auch-fete-la-liberation-concert-gratuit-de-la-musique-des-parachutistesle-journal-du-gers-journal-en-ligne-numerique-en-continu-journal-du-gers-actualites-gersoises-auch","11":"tag-eu","12":"tag-europe","13":"tag-fr","14":"tag-france","15":"tag-news","16":"tag-occitanie","17":"tag-republique-francaise","18":"tag-toulouse"},"share_on_mastodon":{"url":"https:\/\/pubeurope.com\/@fr\/115094378472549214","error":""},"_links":{"self":[{"href":"https:\/\/www.europesays.com\/fr\/wp-json\/wp\/v2\/posts\/344848","targetHints":{"allow":["GET"]}}],"collection":[{"href":"https:\/\/www.europesays.com\/fr\/wp-json\/wp\/v2\/posts"}],"about":[{"href":"https:\/\/www.europesays.com\/fr\/wp-json\/wp\/v2\/types\/post"}],"author":[{"embeddable":true,"href":"https:\/\/www.europesays.com\/fr\/wp-json\/wp\/v2\/users\/2"}],"replies":[{"embeddable":true,"href":"https:\/\/www.europesays.com\/fr\/wp-json\/wp\/v2\/comments?post=344848"}],"version-history":[{"count":0,"href":"https:\/\/www.europesays.com\/fr\/wp-json\/wp\/v2\/posts\/344848\/revisions"}],"wp:featuredmedia":[{"embeddable":true,"href":"https:\/\/www.europesays.com\/fr\/wp-json\/wp\/v2\/media\/344849"}],"wp:attachment":[{"href":"https:\/\/www.europesays.com\/fr\/wp-json\/wp\/v2\/media?parent=344848"}],"wp:term":[{"taxonomy":"category","embeddable":true,"href":"https:\/\/www.europesays.com\/fr\/wp-json\/wp\/v2\/categories?post=344848"},{"taxonomy":"post_tag","embeddable":true,"href":"https:\/\/www.europesays.com\/fr\/wp-json\/wp\/v2\/tags?post=344848"}],"curies":[{"name":"wp","href":"https:\/\/api.w.org\/{rel}","templated":true}]}}