{"id":344850,"date":"2025-08-26T09:33:10","date_gmt":"2025-08-26T09:33:10","guid":{"rendered":"https:\/\/www.europesays.com\/fr\/344850\/"},"modified":"2025-08-26T09:33:10","modified_gmt":"2025-08-26T09:33:10","slug":"info-actu-toulouse-en-pleine-nuit-des-coups-de-feu-tires-sur-une-maison-pres-de-toulouse","status":"publish","type":"post","link":"https:\/\/www.europesays.com\/fr\/344850\/","title":{"rendered":"INFO ACTU TOULOUSE. En pleine nuit, des coups de feu tir\u00e9s sur une maison pr\u00e8s de Toulouse"},"content":{"rendered":"<p>            Par<br \/>\n        <strong><br \/>\n            <a href=\"https:\/\/actu.fr\/auteur\/anaelle-montagne\" title=\"Consulter tous les articles de Anaelle Montagne\" rel=\"nofollow noopener\" target=\"_blank\">Anaelle Montagne<\/a><br \/>\n        <\/strong><\/p>\n<p>        Publi\u00e9 le<\/p>\n<p>            26 ao\u00fbt 2025 \u00e0 11h04        <\/p>\n<p><a href=\"https:\/\/actu.fr\/occitanie\/colomiers_31149\" rel=\"nofollow noopener\" target=\"_blank\">Colomiers<\/a>, 2h40 du matin, mardi 26 ao\u00fbt 2025. Le calme d\u2019une petite place bord\u00e9e de maisonnettes de plain-pied, est bris\u00e9 par des d\u00e9tonations. <strong>Des coups de feu viennent d\u2019\u00eatre tir\u00e9s<\/strong> en direction d\u2019une maison.<\/p>\n<p>    <a href=\"https:\/\/www.google.com\/maps\/embed?pb=!1m18!1m12!1m3!1d9716.731199331143!2d1.3408304153212949!3d43.61067512224376!2m3!1f0!2f0!3f0!3m2!1i1024!2i768!4f13.1!3m3!1m2!1s0x12aeb03c73f9b1a7%3A0xdcf9e1d2f9f56e95!2s5%20Pl.%20de%20Cabournas%2C%2031770%20Colomiers!5e0!3m2!1sen!2sfr!4v1756198585449!5m2!1sen!2sfr\" title=\"Ouvrie le lien\" rel=\"nofollow noopener\" target=\"_blank\">Cliquez ici pour visualiser le contenu<\/a><\/p>\n<p class=\" wall-content\">\u00c0 l\u2019int\u00e9rieur, <strong>la victime et sa fille \u00e9chappent au pire<\/strong>.\u00a0<\/p>\n<p>Impacts de balle<\/p>\n<p class=\" wall-content\">Fort heureusement, les deux victimes n\u2019ont pas \u00e9t\u00e9 bless\u00e9es. Une fois sur place,\u00a0la police d\u00e9couvrira bel et bien des <strong>impacts de balle<\/strong> sur les volets de l\u2019habitation, comme l\u2019indique une source polici\u00e8re \u00e0 <a href=\"https:\/\/actu.fr\/toulouse\/\" rel=\"nofollow noopener\" target=\"_blank\">Actu Toulouse<\/a>.<\/p>\n<p class=\" wall-content\">Autre trace de l\u2019attaque arm\u00e9e : des douilles, retrouv\u00e9es au sol par les forces de l\u2019ordre.\u00a0<\/p>\n<p>Vid\u00e9os : en ce moment sur ActuUne enqu\u00eate ouverte<\/p>\n<p class=\" wall-content\">Qui pouvait en vouloir aux habitants de cette maison ? L\u2019enqu\u00eate ouverte suite aux faits devrait permettre de le d\u00e9terminer et <strong>d\u2019identifier le ou les tireurs<\/strong>.\u00a0<\/p>\n<p class=\" wall-content\">Personnalisez votre actualit\u00e9 en ajoutant vos villes et m\u00e9dias en favori avec <a href=\"https:\/\/moncompte.actu.fr\" title=\"D\u00e9couvez Mon Actu\" rel=\"nofollow noopener\" data-trk=\"{&quot;cta&quot;:{&quot;action&quot;:&quot;https:\\\/\\\/moncompte.actu.fr&quot;,&quot;category&quot;:&quot;mon compte&quot;,&quot;from&quot;:&quot;article footer&quot;,&quot;name&quot;:&quot;Mon actu&quot;,&quot;type&quot;:&quot;cta&quot;}}\" target=\"_blank\">Mon Actu<\/a>.<\/p>\n","protected":false},"excerpt":{"rendered":"Par Anaelle Montagne Publi\u00e9 le 26 ao\u00fbt 2025 \u00e0 11h04 Colomiers, 2h40 du matin, mardi 26 ao\u00fbt 2025.&hellip;\n","protected":false},"author":2,"featured_media":344851,"comment_status":"","ping_status":"","sticky":false,"template":"","format":"standard","meta":{"footnotes":""},"categories":[2816],"tags":[1111,11,1777,674,118,1011,27,12,2680,25,2312],"class_list":{"0":"post-344850","1":"post","2":"type-post","3":"status-publish","4":"format-standard","5":"has-post-thumbnail","7":"category-toulouse","8":"tag-actu","9":"tag-actualites","10":"tag-eu","11":"tag-europe","12":"tag-faits-divers","13":"tag-fr","14":"tag-france","15":"tag-news","16":"tag-occitanie","17":"tag-republique-francaise","18":"tag-toulouse"},"share_on_mastodon":{"url":"https:\/\/pubeurope.com\/@fr\/115094382449981142","error":""},"_links":{"self":[{"href":"https:\/\/www.europesays.com\/fr\/wp-json\/wp\/v2\/posts\/344850","targetHints":{"allow":["GET"]}}],"collection":[{"href":"https:\/\/www.europesays.com\/fr\/wp-json\/wp\/v2\/posts"}],"about":[{"href":"https:\/\/www.europesays.com\/fr\/wp-json\/wp\/v2\/types\/post"}],"author":[{"embeddable":true,"href":"https:\/\/www.europesays.com\/fr\/wp-json\/wp\/v2\/users\/2"}],"replies":[{"embeddable":true,"href":"https:\/\/www.europesays.com\/fr\/wp-json\/wp\/v2\/comments?post=344850"}],"version-history":[{"count":0,"href":"https:\/\/www.europesays.com\/fr\/wp-json\/wp\/v2\/posts\/344850\/revisions"}],"wp:featuredmedia":[{"embeddable":true,"href":"https:\/\/www.europesays.com\/fr\/wp-json\/wp\/v2\/media\/344851"}],"wp:attachment":[{"href":"https:\/\/www.europesays.com\/fr\/wp-json\/wp\/v2\/media?parent=344850"}],"wp:term":[{"taxonomy":"category","embeddable":true,"href":"https:\/\/www.europesays.com\/fr\/wp-json\/wp\/v2\/categories?post=344850"},{"taxonomy":"post_tag","embeddable":true,"href":"https:\/\/www.europesays.com\/fr\/wp-json\/wp\/v2\/tags?post=344850"}],"curies":[{"name":"wp","href":"https:\/\/api.w.org\/{rel}","templated":true}]}}