{"id":344855,"date":"2025-08-26T09:36:10","date_gmt":"2025-08-26T09:36:10","guid":{"rendered":"https:\/\/www.europesays.com\/fr\/344855\/"},"modified":"2025-08-26T09:36:10","modified_gmt":"2025-08-26T09:36:10","slug":"notre-serie-marseille-rebelle-quand-les-cigarieres-de-la-manufacture-des-tabacs-faisaient-greve","status":"publish","type":"post","link":"https:\/\/www.europesays.com\/fr\/344855\/","title":{"rendered":"NOTRE S\u00c9RIE &#8211; Marseille rebelle : quand les cigari\u00e8res de la manufacture des tabacs faisaient gr\u00e8ve"},"content":{"rendered":"<p>Il fut un temps pas si lointain o\u00f9 les locaux de ce que l\u2019on conna\u00eet comme la <a href=\"https:\/\/www.laprovence.com\/article\/societe\/1901980358224314\/ancienne-manufacture-des-tabacs-plateforme-culturelle-la-folle-histoire-de-la-friche-la-belle-de-mai\" target=\"_blank\" rel=\"noopener\">Friche la Belle-de-Mai (3e)<\/a> n\u2019\u00e9taient pas le th\u00e9\u00e2tre de soir\u00e9es branch\u00e9es, de projections de film en plein air et d\u2019expositions. Pendant des d\u00e9cennies, jusqu\u2019\u00e0 la fermeture en\u00a01990, ces \u00e9pais murs &#8211; et ceux des actuelles archives municipales &#8211; renfermaient la Seita, l\u2019une des plus grandes manufactures des tabacs de France, qui fut d\u2019abord imp\u00e9riale \u00e0 son inauguration en\u00a01810 et g\u00e9r\u00e9e en r\u00e9gie d\u2019\u00c9tat.<\/p>\n<p>Les ouvri\u00e8res, les cigari\u00e8res comme on les appelait, \u00e9taient un peu d\u2019ici, surtout d\u2019Italie et d\u2019Espagne. Ces petites mains, essentielles \u00e0 ce commerce florissant au XIXe\u00a0si\u00e8cle, \u00e9taient essentiellement des femmes, mal pay\u00e9es, \u00e9videmment, et peu consid\u00e9r\u00e9es par leurs s\u00e9v\u00e8res patrons. Elles subsistaient en multipliant les boulots pour vivre et se payer un toit \u00e0 la <a href=\"https:\/\/www.laprovence.com\/article\/region\/1221391619515315\/quartiers-de-marseille-la-belle-de-mai-par-celles-et-ceux-qui-la-font-vivre\" target=\"_blank\" rel=\"noopener\">Belle-de-Mai<\/a>.<\/p>\n<p>Un combat historique pour le droit du travail<\/p>\n<p>Dans le quartier il ne reste plus trace d\u2019elles, et peu savent qu\u2019elles ont lutt\u00e9 pour leurs droits en lan\u00e7ant une <a href=\"https:\/\/www.laprovence.com\/article\/sortie-loisirs\/2949280778808915\/connaissez-vous-lhistoire-de-marseille-avec-le-commerce-du-tabac\" target=\"_blank\" rel=\"noopener\">gr\u00e8ve historique<\/a>. Le mercredi 5\u00a0janvier 1887, apr\u00e8s des semaines de pr\u00e9paration et de tractations secr\u00e8tes, les 1\u00a0200\u00a0ouvri\u00e8res qui fabriquent des brunes et des gauloises arr\u00eatent&#8230;<\/p>\n","protected":false},"excerpt":{"rendered":"Il fut un temps pas si lointain o\u00f9 les locaux de ce que l\u2019on conna\u00eet comme la Friche&hellip;\n","protected":false},"author":2,"featured_media":344856,"comment_status":"","ping_status":"","sticky":false,"template":"","format":"standard","meta":{"footnotes":""},"categories":[2814],"tags":[17,1111,11,48103,154,1777,674,1011,27,151,48104,884,12,882,396,48102,16,25],"class_list":{"0":"post-344855","1":"post","2":"type-post","3":"status-publish","4":"format-standard","5":"has-post-thumbnail","7":"category-marseille","8":"tag-17","9":"tag-actu","10":"tag-actualites","11":"tag-cigarieres","12":"tag-des","13":"tag-eu","14":"tag-europe","15":"tag-fr","16":"tag-france","17":"tag-les","18":"tag-manufacture","19":"tag-marseille","20":"tag-news","21":"tag-provence-alpes-cote-dazur","22":"tag-quand","23":"tag-rebelle","24":"tag-region","25":"tag-republique-francaise"},"share_on_mastodon":{"url":"https:\/\/pubeurope.com\/@fr\/115094394214980484","error":""},"_links":{"self":[{"href":"https:\/\/www.europesays.com\/fr\/wp-json\/wp\/v2\/posts\/344855","targetHints":{"allow":["GET"]}}],"collection":[{"href":"https:\/\/www.europesays.com\/fr\/wp-json\/wp\/v2\/posts"}],"about":[{"href":"https:\/\/www.europesays.com\/fr\/wp-json\/wp\/v2\/types\/post"}],"author":[{"embeddable":true,"href":"https:\/\/www.europesays.com\/fr\/wp-json\/wp\/v2\/users\/2"}],"replies":[{"embeddable":true,"href":"https:\/\/www.europesays.com\/fr\/wp-json\/wp\/v2\/comments?post=344855"}],"version-history":[{"count":0,"href":"https:\/\/www.europesays.com\/fr\/wp-json\/wp\/v2\/posts\/344855\/revisions"}],"wp:featuredmedia":[{"embeddable":true,"href":"https:\/\/www.europesays.com\/fr\/wp-json\/wp\/v2\/media\/344856"}],"wp:attachment":[{"href":"https:\/\/www.europesays.com\/fr\/wp-json\/wp\/v2\/media?parent=344855"}],"wp:term":[{"taxonomy":"category","embeddable":true,"href":"https:\/\/www.europesays.com\/fr\/wp-json\/wp\/v2\/categories?post=344855"},{"taxonomy":"post_tag","embeddable":true,"href":"https:\/\/www.europesays.com\/fr\/wp-json\/wp\/v2\/tags?post=344855"}],"curies":[{"name":"wp","href":"https:\/\/api.w.org\/{rel}","templated":true}]}}