{"id":34487,"date":"2025-04-18T16:39:15","date_gmt":"2025-04-18T16:39:15","guid":{"rendered":"https:\/\/www.europesays.com\/fr\/34487\/"},"modified":"2025-04-18T16:39:15","modified_gmt":"2025-04-18T16:39:15","slug":"une-palissade-seffondre-le-trafic-des-tramways-interrompu-a-perrache","status":"publish","type":"post","link":"https:\/\/www.europesays.com\/fr\/34487\/","title":{"rendered":"une palissade s&rsquo;effondre, le trafic des tramways interrompu \u00e0 Perrache"},"content":{"rendered":"<p>Lyon : une palissade s&rsquo;effondre, le trafic des tramways interrompu \u00e0 Perrache &#8211; LyonMag<\/p>\n<p itemprop=\"description\"><strong>Ce vendredi matin, un incident est survenu \u00e0 la gare de Perrache dans le 2e arrondissement de Lyon.<\/strong><\/p>\n<p>Selon nos informations, c&rsquo;est une mauvaise manipulation sur le chantier de destruction de la passerelle de l&rsquo;\u00e9changeur qui a provoqu\u00e9 l&rsquo;effondrement d&rsquo;une palissade donnant sur le tunnel des tramways.<\/p>\n<p>Aucun bless\u00e9 n&rsquo;est \u00e0 d\u00e9plorer mais la pr\u00e9sence de planches en bois sur les voies paralyse le trafic des trams T1 et T2. Le premier ne dessert plus les stations de Sainte-Blandine \u00e0 Perrache dans les deux sens, le second ne dessert plus les stations d&rsquo;H\u00f4tel de R\u00e9gion \u00e0 Perrache.<\/p>\n<p>Des bus relais ont \u00e9t\u00e9 mis en place, le trafic a finalement pu reprendre avant 10h.<\/p>\n","protected":false},"excerpt":{"rendered":"Lyon : une palissade s&rsquo;effondre, le trafic des tramways interrompu \u00e0 Perrache &#8211; LyonMag Ce vendredi matin, un&hellip;\n","protected":false},"author":2,"featured_media":34488,"comment_status":"","ping_status":"","sticky":false,"template":"","format":"standard","meta":{"footnotes":""},"categories":[1889],"tags":[1111,11,2813,2190,2430,1109,251,1112,2811,1777,674,118,1011,27,1922,1110,1114,2428,2810,12,241,316,25,2812,517,800],"class_list":{"0":"post-34487","1":"post","2":"type-post","3":"status-publish","4":"format-standard","5":"has-post-thumbnail","7":"category-lyon","8":"tag-actu","9":"tag-actualites","10":"tag-article","11":"tag-asvel","12":"tag-auvergne-rhone-alpes","13":"tag-breves","14":"tag-culture","15":"tag-depeches","16":"tag-economique","17":"tag-eu","18":"tag-europe","19":"tag-faits-divers","20":"tag-fr","21":"tag-france","22":"tag-info","23":"tag-informations","24":"tag-infos","25":"tag-lyon","26":"tag-lyonmag","27":"tag-news","28":"tag-ol","29":"tag-politique","30":"tag-republique-francaise","31":"tag-sociale","32":"tag-sport","33":"tag-transports"},"share_on_mastodon":{"url":"https:\/\/pubeurope.com\/@fr\/114359957157587546","error":""},"_links":{"self":[{"href":"https:\/\/www.europesays.com\/fr\/wp-json\/wp\/v2\/posts\/34487","targetHints":{"allow":["GET"]}}],"collection":[{"href":"https:\/\/www.europesays.com\/fr\/wp-json\/wp\/v2\/posts"}],"about":[{"href":"https:\/\/www.europesays.com\/fr\/wp-json\/wp\/v2\/types\/post"}],"author":[{"embeddable":true,"href":"https:\/\/www.europesays.com\/fr\/wp-json\/wp\/v2\/users\/2"}],"replies":[{"embeddable":true,"href":"https:\/\/www.europesays.com\/fr\/wp-json\/wp\/v2\/comments?post=34487"}],"version-history":[{"count":0,"href":"https:\/\/www.europesays.com\/fr\/wp-json\/wp\/v2\/posts\/34487\/revisions"}],"wp:featuredmedia":[{"embeddable":true,"href":"https:\/\/www.europesays.com\/fr\/wp-json\/wp\/v2\/media\/34488"}],"wp:attachment":[{"href":"https:\/\/www.europesays.com\/fr\/wp-json\/wp\/v2\/media?parent=34487"}],"wp:term":[{"taxonomy":"category","embeddable":true,"href":"https:\/\/www.europesays.com\/fr\/wp-json\/wp\/v2\/categories?post=34487"},{"taxonomy":"post_tag","embeddable":true,"href":"https:\/\/www.europesays.com\/fr\/wp-json\/wp\/v2\/tags?post=34487"}],"curies":[{"name":"wp","href":"https:\/\/api.w.org\/{rel}","templated":true}]}}