{"id":344877,"date":"2025-08-26T09:49:14","date_gmt":"2025-08-26T09:49:14","guid":{"rendered":"https:\/\/www.europesays.com\/fr\/344877\/"},"modified":"2025-08-26T09:49:14","modified_gmt":"2025-08-26T09:49:14","slug":"une-pub-sanex-bannie-au-royaume-uni-pour-stereotype-racial","status":"publish","type":"post","link":"https:\/\/www.europesays.com\/fr\/344877\/","title":{"rendered":"Une pub Sanex bannie au Royaume-Uni pour st\u00e9r\u00e9otype racial"},"content":{"rendered":"<p>Le r\u00e9gulateur de la pub anglais a interdit la diffusion d\u2019un spot t\u00e9l\u00e9 dont le message \u00e9tait \u00ab la peau blanche serait sup\u00e9rieure \u00bb.<\/p>\n<p>\u00a0<\/p>\n<p>La <a href=\"https:\/\/www.lecourrierdelatlas.com\/?s=publicit%C3%A9\" target=\"_blank\" rel=\"noopener\">publicit\u00e9<\/a>, diffus\u00e9e en juin, montre une femme noire avec des marques rouges de griffures, puis une autre recouverte d\u2019une mati\u00e8re craquel\u00e9e proche de l\u2019argile avec ce commentaire : \u00ab Pour ceux qui peuvent se gratter jour et nuit. Pour ceux dont la peau se dess\u00e8che m\u00eame au contact de l\u2019eau. \u00bb<\/p>\n<p>Puis elle poursuit avec l\u2019image d\u2019une femme blanche prenant une douche avec un savon Sanex : \u00ab Essayez de prendre une douche avec le nouveau Sanex Skin Therapy et son complexe d\u2019acides amin\u00e9s brevet\u00e9. Pour une sensation d\u2019hydratation de 24 heures. \u00bb<\/p>\n<p>Le spot se conclut avec un texte et une voix-off : \u00ab Le soulagement peut \u00eatre aussi simple qu\u2019une douche. \u00bb<\/p>\n<p>St\u00e9r\u00e9otype racial n\u00e9gatif<\/p>\n<p>L\u2019entreprise Colgate-Palmolive, propri\u00e9taire de la marque Sanex, a expliqu\u00e9 lors de l\u2019enqu\u00eate que \u00ab la mise en sc\u00e8ne de mod\u00e8les de diff\u00e9rentes origines et couleurs de peau \u00bb faisait partie de son engagement \u00ab pour la diversit\u00e9 \u00bb, avec l\u2019id\u00e9e que le produit \u00ab convient \u00e0 tous \u00bb.<\/p>\n<p>Le r\u00e9gulateur de la publicit\u00e9 anglais consid\u00e8re, dans sa d\u00e9cision, que le message n\u2019est \u00ab pas intentionnel et peut passer inaper\u00e7u pour certains spectateurs \u00bb, mais estime \u00ab que la publicit\u00e9 est susceptible de renforcer le st\u00e9r\u00e9otype racial n\u00e9gatif et offensant selon lequel la peau noire poserait probl\u00e8me et la peau blanche serait sup\u00e9rieure \u00bb.<\/p>\n<p>\u00ab Notre <a href=\"https:\/\/www.youtube.com\/shorts\/UyBnGz9xkeY\" target=\"_blank\" rel=\"noopener\">publicit\u00e9<\/a> visait \u00e0 mettre en avant la mani\u00e8re dont notre gamme Skin Therapy favorise la sant\u00e9 de la peau, quel que soit le type de peau \u00bb, a r\u00e9agi Colgate-Palmolive, disant \u00ab prendre note \u00bb de la d\u00e9cision.<\/p>\n<p>&gt;&gt; A lire aussi : <a href=\"https:\/\/www.lecourrierdelatlas.com\/chine-swatch-sexcuse-pour-une-pub-raciste-sur-les-reseaux-sociaux\/\" target=\"_blank\" rel=\"noopener\">Chine : Swatch s\u2019excuse pour une pub raciste sur les<\/a><\/p>\n","protected":false},"excerpt":{"rendered":"Le r\u00e9gulateur de la pub anglais a interdit la diffusion d\u2019un spot t\u00e9l\u00e9 dont le message \u00e9tait \u00ab&hellip;\n","protected":false},"author":2,"featured_media":344878,"comment_status":"","ping_status":"","sticky":false,"template":"","format":"standard","meta":{"footnotes":""},"categories":[1588],"tags":[11,1777,674,12,1834,473,1853,48105,1851,1850,1852],"class_list":{"0":"post-344877","1":"post","2":"type-post","3":"status-publish","4":"format-standard","5":"has-post-thumbnail","7":"category-royaume-uni","8":"tag-actualites","9":"tag-eu","10":"tag-europe","11":"tag-news","12":"tag-publicite","13":"tag-royaume-uni","14":"tag-royaume-uni-de-grande-bretagne-et-dirlande-du-nord","15":"tag-sanex","16":"tag-uk","17":"tag-united-kingdom","18":"tag-united-kingdom-of-great-britain-and-northern-ireland"},"share_on_mastodon":{"url":"https:\/\/pubeurope.com\/@fr\/115094445357625101","error":""},"_links":{"self":[{"href":"https:\/\/www.europesays.com\/fr\/wp-json\/wp\/v2\/posts\/344877","targetHints":{"allow":["GET"]}}],"collection":[{"href":"https:\/\/www.europesays.com\/fr\/wp-json\/wp\/v2\/posts"}],"about":[{"href":"https:\/\/www.europesays.com\/fr\/wp-json\/wp\/v2\/types\/post"}],"author":[{"embeddable":true,"href":"https:\/\/www.europesays.com\/fr\/wp-json\/wp\/v2\/users\/2"}],"replies":[{"embeddable":true,"href":"https:\/\/www.europesays.com\/fr\/wp-json\/wp\/v2\/comments?post=344877"}],"version-history":[{"count":0,"href":"https:\/\/www.europesays.com\/fr\/wp-json\/wp\/v2\/posts\/344877\/revisions"}],"wp:featuredmedia":[{"embeddable":true,"href":"https:\/\/www.europesays.com\/fr\/wp-json\/wp\/v2\/media\/344878"}],"wp:attachment":[{"href":"https:\/\/www.europesays.com\/fr\/wp-json\/wp\/v2\/media?parent=344877"}],"wp:term":[{"taxonomy":"category","embeddable":true,"href":"https:\/\/www.europesays.com\/fr\/wp-json\/wp\/v2\/categories?post=344877"},{"taxonomy":"post_tag","embeddable":true,"href":"https:\/\/www.europesays.com\/fr\/wp-json\/wp\/v2\/tags?post=344877"}],"curies":[{"name":"wp","href":"https:\/\/api.w.org\/{rel}","templated":true}]}}