{"id":344883,"date":"2025-08-26T09:52:11","date_gmt":"2025-08-26T09:52:11","guid":{"rendered":"https:\/\/www.europesays.com\/fr\/344883\/"},"modified":"2025-08-26T09:52:11","modified_gmt":"2025-08-26T09:52:11","slug":"la-stagiaire-france-3-michele-bernier-javais-eu-un-peu-de-mal-a-tourner-les-episodes-dau-revoir-de-la-saison-9","status":"publish","type":"post","link":"https:\/\/www.europesays.com\/fr\/344883\/","title":{"rendered":"La stagiaire (France 3) &#8211; Mich\u00e8le Bernier : \u00ab\u00a0J\u2019avais eu un peu de mal \u00e0 tourner les \u00e9pisodes d\u2019au revoir de la saison 9\u00a0\u00bb"},"content":{"rendered":"<p><strong>L\u2019an dernier, on avait quitt\u00e9\u00a0Constance et son mari,\u00a0Barth (Philippe Leli\u00e8vre),\u00a0sur le point de s\u2019installer en\u00a0Espagne. Mais on les retrouve\u00a0aux Tamaris dans ce nouveau\u00a0chapitre\u2026 Que s\u2019est-il pass\u00e9 ?\u00a0<\/strong><\/p>\n<p><strong>Mich\u00e8le Bernier\u00a0:<\/strong> J\u2019avais eu un peu\u00a0de mal \u00e0 tourner les \u00e9pisodes d\u2019au\u00a0revoir de la saison 9. Il y avait\u00a0quelque chose qui me d\u00e9rangeait,\u00a0comme si c\u2019\u00e9tait une fin annonc\u00e9e.\u00a0On s\u2019est dit que ce n\u2019\u00e9tait pas une\u00a0bonne id\u00e9e pour Constance et Barth\u00a0de partir. La famille Meyer ne peut\u00a0pas se s\u00e9parer, ils veulent rester\u00a0aupr\u00e8s de ceux qu\u2019ils aiment.\u00a0Comme eux, je suis tr\u00e8s proche de\u00a0mes enfants (<a href=\"https:\/\/www.programme-television.org\/news\/tv\/emissions-tele\/je-la-trouve-tellement-formidable-michele-bernier-fait-de-tendres-confidences-sur-charlotte-gaccio-4739667\" target=\"_self\" rel=\"nofollow noopener\">  Charlotte et Enzo\u00a0Gaccio, ndl<\/a>r) et je ne pourrais\u00a0jamais m\u2019en \u00e9loigner\u2026\u00a0<\/p>\n<p><strong>Quel est le programme des festivit\u00e9s\u00a0pour cette dixi\u00e8me saison ?\u00a0<\/strong><\/p>\n<p>Les fans vont \u00eatre g\u00e2t\u00e9s, comme\u00a0d\u2019habitude ! (Rires) Constance et\u00a0Barth se retrouvent d\u00e9soeuvr\u00e9s, car\u00a0leurs enfants ont quitt\u00e9 le nid.\u00a0Quand les miens sont partis pour\u00a0construire leur vie, j\u2019ai d\u2019ailleurs pris\u00a0une claque ! Les Meyer, eux, vont\u00a0recueillir Lola, une jeune fille en difficult\u00e9. Elle va rallumer la flamme\u00a0empathique de Barth, qui la prend\u00a0sous son aile.\u00a0<a id=\"eztoc103263755_1\"\/><\/p>\n<p>Mich\u00e8le Bernier : \u00ab\u00a0Constance va devoir jouer un double jeu\u00a0\u00bb<\/p>\n<p><strong>Constance devra aussi relever\u00a0un gros d\u00e9fi professionnel\u2026\u00a0<\/strong><\/p>\n<p>Lors d\u2019un \u00e9pisode un peu particulier,\u00a0elle se retrouve en infiltration\u00a0dans une famille \u00e9trange, \u00e0 devoir\u00a0jouer un double jeu. \u00c7a la d\u00e9stabilise\u00a0beaucoup\u2026 tout comme le juge\u00a0Delcourt (  <a href=\"https:\/\/www.programme-television.org\/news\/series\/series-policieres\/antoine-hamel-tourner-la-stagiaire-c-est-comme-revenir-a-la-maison-france-3-4731783\" target=\"_self\" rel=\"nofollow noopener\">Antoine Hamel<\/a>). La situation\u00a0n\u2019est pas confortable pour lui :\u00a0il aimerait \u00e9viter \u00e0 Constance de se\u00a0mettre en danger, mais ne veut pas\u00a0aller contre sa d\u00e9cision. Car, au fil des ann\u00e9es, il s\u2019est tiss\u00e9 entre eux\u00a0une grande confiance, du respect,\u00a0et m\u00eame de l\u2019affection.\u00a0<\/p>\n<p><strong>Pour vous, dix ans dans la\u00a0peau de Constance Meyer, c\u2019est\u00a0dix ans de\u2026\u00a0<\/strong><\/p>\n<p>Bonheur ! De voir \u00e0 quel point cette\u00a0s\u00e9rie touche les gens, d\u2019abord.\u00a0Quand je les croise dans la rue, ils\u00a0m\u2019en disent tous tellement de bien !\u00a0\u00c0 titre personnel, la s\u00e9rie m\u2019a permis\u00a0de rencontrer des com\u00e9diens\u00a0prodigieux. Sur le plateau, tout se\u00a0passe dans le respect, sans crise\u00a0d\u2019ego. \u00c7a \u00e9pate les r\u00e9alisateurs : ils\u00a0ne sont pas habitu\u00e9s !\u00a0<\/p>\n<p><strong>Depuis ses d\u00e9buts, la s\u00e9rie a\u00a0trait\u00e9 de nombreux th\u00e8mes\u00a0soci\u00e9taux. En reste-t-il que vous\u00a0souhaiteriez aborder ?\u00a0<\/strong><\/p>\n<p>J\u2019aimerais bien attaquer le sujet des\u00a0hommes de 70 ans qui font des\u00a0enfants \u00e0 des femmes qui en ont 30 !\u00a0(Rires) Ce qui est agr\u00e9able, avec La\u00a0Stagiaire, c\u2019est de pouvoir parler de\u00a0certaines choses par petites touches,\u00a0sans en faire une tribune. Ce qui ne\u00a0nous emp\u00eache pas de donner un\u00a0peu notre avis\u2026\u00a0<a id=\"eztoc103263755_2\"\/><\/p>\n<p>Mich\u00e8le Bernier : \u00ab\u00a0pourquoi\u00a0il faut faire du 36 pour \u00eatre\u00a0aim\u00e9e\u00a0\u00bb<\/p>\n<p><strong>Si vous deviez redevenir stagiaire,\u00a0quel domaine choisiriez-vous ?\u00a0<\/strong><\/p>\n<p>La mode, parce que je l\u2019aime bien,\u00a0mais elle ne me le rend pas assez !\u00a0(Elle sourit) Si je pouvais aller fouiner,\u00a0je comprendrais peut-\u00eatre pourquoi\u00a0il faut faire du 36 pour \u00eatre\u00a0aim\u00e9e. Je le dis sans aigreur, mais\u00a0c\u2019est une vision tellement sectaire !\u00a0<\/p>\n<p><strong>Que pouvez-vous nous r\u00e9v\u00e9ler\u00a0sur la saison 11, que vous tournez\u00a0actuellement ?\u00a0<\/strong><\/p>\n<p>Constance devra affronter une situation\u00a0pas marrante, jusqu\u2019\u00e0 se demander\u00a0si elle ne va pas quitter le Palais\u00a0de justice. \u00c7a va \u00eatre chaud !\u00a0 \u00a0<\/p>\n<p><strong>La stagiaire, mardi 26 ao\u00fbt \u00e0 21h10 sur France 3<\/strong>\n            <\/p>\n","protected":false},"excerpt":{"rendered":"L\u2019an dernier, on avait quitt\u00e9\u00a0Constance et son mari,\u00a0Barth (Philippe Leli\u00e8vre),\u00a0sur le point de s\u2019installer en\u00a0Espagne. Mais on les&hellip;\n","protected":false},"author":2,"featured_media":344884,"comment_status":"","ping_status":"","sticky":false,"template":"","format":"standard","meta":{"footnotes":""},"categories":[1586],"tags":[11,1777,674,1779,1011,27,12,25,1778,364],"class_list":{"0":"post-344883","1":"post","2":"type-post","3":"status-publish","4":"format-standard","5":"has-post-thumbnail","7":"category-europe","8":"tag-actualites","9":"tag-eu","10":"tag-europe","11":"tag-european-union","12":"tag-fr","13":"tag-france","14":"tag-news","15":"tag-republique-francaise","16":"tag-ue","17":"tag-union-europeenne"},"share_on_mastodon":{"url":"https:\/\/pubeurope.com\/@fr\/115094457165572800","error":""},"_links":{"self":[{"href":"https:\/\/www.europesays.com\/fr\/wp-json\/wp\/v2\/posts\/344883","targetHints":{"allow":["GET"]}}],"collection":[{"href":"https:\/\/www.europesays.com\/fr\/wp-json\/wp\/v2\/posts"}],"about":[{"href":"https:\/\/www.europesays.com\/fr\/wp-json\/wp\/v2\/types\/post"}],"author":[{"embeddable":true,"href":"https:\/\/www.europesays.com\/fr\/wp-json\/wp\/v2\/users\/2"}],"replies":[{"embeddable":true,"href":"https:\/\/www.europesays.com\/fr\/wp-json\/wp\/v2\/comments?post=344883"}],"version-history":[{"count":0,"href":"https:\/\/www.europesays.com\/fr\/wp-json\/wp\/v2\/posts\/344883\/revisions"}],"wp:featuredmedia":[{"embeddable":true,"href":"https:\/\/www.europesays.com\/fr\/wp-json\/wp\/v2\/media\/344884"}],"wp:attachment":[{"href":"https:\/\/www.europesays.com\/fr\/wp-json\/wp\/v2\/media?parent=344883"}],"wp:term":[{"taxonomy":"category","embeddable":true,"href":"https:\/\/www.europesays.com\/fr\/wp-json\/wp\/v2\/categories?post=344883"},{"taxonomy":"post_tag","embeddable":true,"href":"https:\/\/www.europesays.com\/fr\/wp-json\/wp\/v2\/tags?post=344883"}],"curies":[{"name":"wp","href":"https:\/\/api.w.org\/{rel}","templated":true}]}}