{"id":344885,"date":"2025-08-26T09:53:10","date_gmt":"2025-08-26T09:53:10","guid":{"rendered":"https:\/\/www.europesays.com\/fr\/344885\/"},"modified":"2025-08-26T09:53:10","modified_gmt":"2025-08-26T09:53:10","slug":"lamour-est-dans-le-pre-oceane-la-maraichere-pres-de-lannion-a-choisi-ses-deux-pretendants-au-feeling","status":"publish","type":"post","link":"https:\/\/www.europesays.com\/fr\/344885\/","title":{"rendered":"\u00ab\u00a0L\u2019Amour est dans le pr\u00e9\u00a0\u00bb\u00a0: Oc\u00e9ane, la mara\u00eech\u00e8re pr\u00e8s de Lannion, a choisi ses deux pr\u00e9tendants \u00ab\u00a0au feeling\u00a0\u00bb"},"content":{"rendered":"<p>Ce lundi 25 ao\u00fbt 2025 au soir, l\u2019animatrice Karine Le\u00a0Marchand a ouvert la saison\u00a020 de \u00ab\u00a0L\u2019Amour est dans le pr\u00e9\u00a0\u00bb sur M6. Les t\u00e9l\u00e9spectateurs ont pu suivre sur une p\u00e9niche \u00e0 Paris les speed datings de trois agriculteurs, dont <a href=\"https:\/\/www.letelegramme.fr\/cotes-d-armor\/lannion-22300\/cest-une-bonne-therapie-pres-de-lannion-oceane-se-confie-sur-sa-participation-a-lamour-est-dans-le-pre-6872347.php\" title=\"www.letelegramme.fr\" rel=\"nofollow noopener\" target=\"_blank\">\u00ab\u00a0notre\u00a0\u00bb mara\u00eech\u00e8re des C\u00f4tes-d\u2019Armor, Oc\u00e9ane, install\u00e9e pr\u00e8s de Lannion.<\/a> \u00ab\u00a0Son c\u0153ur \u00e9tait en compote. \u00c0 26\u00a0ans, elle hisse les voiles au renouveau amoureux\u00a0\u00bb, a pr\u00e9sent\u00e9 Karine Le Marchand.<\/p>\n<p>Visiblement, Oc\u00e9ane a re\u00e7u beaucoup de lettres de candidats, mais a avou\u00e9 ne pas avoir trop l\u2019habitude des superlatifs style \u00ab\u00a0Belle Oc\u00e9ane\u00a0\u00bb\u00a0qui ont fleuri dans les courriers. Elle attendait beaucoup des rencontres\u2026 Et elles ont \u00e9t\u00e9 nombreuses.<\/p>\n<p>\u00ab\u00a0Je suis s\u00fbre de ne pas mourir de faim\u00a0\u00bb<\/p>\n<p>Dorian, Adrien, Joseph, K\u00e9vin, Alexandre et Gwendal n\u2019ont pas trouv\u00e9 gr\u00e2ce \u00e0 ses yeux\u00a0: \u00ab\u00a0Je n\u2019ai pas le petit truc\u00a0\u00bb, a-t-elle d\u00e9clar\u00e9 \u00e0 la cam\u00e9ra. Devant les nombreux paquets de petites attentions sucr\u00e9es qui lui ont \u00e9t\u00e9 remises, Oc\u00e9ane a ironis\u00e9\u00a0: \u00ab\u00a0Je suis s\u00fbre de ne pas mourir de faim\u00a0\u00bb.<\/p>\n<p>Elle a \u00e9t\u00e9 plus touch\u00e9e par le cadeau de Florian\u00a0: des bols bretons avec d\u00e9j\u00e0 leur pr\u00e9nom inscrit dessus. Le jeune homme de 33\u00a0ans travaille dans l\u2019automobile, dans un grand groupe et s\u2019est d\u00e9j\u00e0 renseign\u00e9 pour se rapprocher d\u2019elle, au cas o\u00f9. Il a \u00e9t\u00e9 retenu par Oc\u00e9ane pour vivre l\u2019exp\u00e9rience \u00e0 la ferme.<\/p>\n<blockquote><p>Il y a eu un feeling. Il a l\u2019air taquin. C\u2019est mon petit coup de c\u0153ur du speed dating.<\/p><\/blockquote>\n<p>\u00ab\u00a0Il a l\u2019air taquin\u00a0\u00bb<\/p>\n<p>Cela semble avoir \u00ab\u00a0match\u00e9\u00a0\u00bb \u00e9galement avec Robin, un professeur de tennis de 27\u00a0ans, qui vit en Normandie. Boute-en-train, il a m\u00eame anim\u00e9 une s\u00e9ance de yoga avec les autres pr\u00e9tendants, avant sa rencontre, d\u00e9clenchant de nombreux rires. \u00ab\u00a0Il y a eu un feeling. Il a l\u2019air taquin. C\u2019est mon petit coup de c\u0153ur du speed dating\u00a0\u00bb, a confi\u00e9 Oc\u00e9ane qui attend de l\u2019initiative pour les sorties du week-end. Lui aussi a son ticket pour passer un petit s\u00e9jour \u00e0 la ferme, pr\u00e8s de Lannion.<\/p>\n<p>Jonathan, 36 ans, qui pratique la danse et a v\u00e9cu avec beaucoup d\u2019animaux, a retenu son attention (surtout la lettre), mais, au final, n\u2019a pas \u00e9t\u00e9 choisi.<\/p>\n","protected":false},"excerpt":{"rendered":"Ce lundi 25 ao\u00fbt 2025 au soir, l\u2019animatrice Karine Le\u00a0Marchand a ouvert la saison\u00a020 de \u00ab\u00a0L\u2019Amour est dans&hellip;\n","protected":false},"author":2,"featured_media":344886,"comment_status":"","ping_status":"","sticky":false,"template":"","format":"standard","meta":{"footnotes":""},"categories":[2],"tags":[11,829,2171,765,1011,27,4044,5862,3754,12,7762,25,252],"class_list":{"0":"post-344885","1":"post","2":"type-post","3":"status-publish","4":"format-standard","5":"has-post-thumbnail","7":"category-actualites","8":"tag-actualites","9":"tag-bretagne","10":"tag-cotes-darmor","11":"tag-en-continu","12":"tag-fr","13":"tag-france","14":"tag-guingamp","15":"tag-lannion","16":"tag-media","17":"tag-news","18":"tag-paimpol","19":"tag-republique-francaise","20":"tag-television"},"share_on_mastodon":{"url":"https:\/\/pubeurope.com\/@fr\/115094461229742804","error":""},"_links":{"self":[{"href":"https:\/\/www.europesays.com\/fr\/wp-json\/wp\/v2\/posts\/344885","targetHints":{"allow":["GET"]}}],"collection":[{"href":"https:\/\/www.europesays.com\/fr\/wp-json\/wp\/v2\/posts"}],"about":[{"href":"https:\/\/www.europesays.com\/fr\/wp-json\/wp\/v2\/types\/post"}],"author":[{"embeddable":true,"href":"https:\/\/www.europesays.com\/fr\/wp-json\/wp\/v2\/users\/2"}],"replies":[{"embeddable":true,"href":"https:\/\/www.europesays.com\/fr\/wp-json\/wp\/v2\/comments?post=344885"}],"version-history":[{"count":0,"href":"https:\/\/www.europesays.com\/fr\/wp-json\/wp\/v2\/posts\/344885\/revisions"}],"wp:featuredmedia":[{"embeddable":true,"href":"https:\/\/www.europesays.com\/fr\/wp-json\/wp\/v2\/media\/344886"}],"wp:attachment":[{"href":"https:\/\/www.europesays.com\/fr\/wp-json\/wp\/v2\/media?parent=344885"}],"wp:term":[{"taxonomy":"category","embeddable":true,"href":"https:\/\/www.europesays.com\/fr\/wp-json\/wp\/v2\/categories?post=344885"},{"taxonomy":"post_tag","embeddable":true,"href":"https:\/\/www.europesays.com\/fr\/wp-json\/wp\/v2\/tags?post=344885"}],"curies":[{"name":"wp","href":"https:\/\/api.w.org\/{rel}","templated":true}]}}