{"id":344887,"date":"2025-08-26T09:54:14","date_gmt":"2025-08-26T09:54:14","guid":{"rendered":"https:\/\/www.europesays.com\/fr\/344887\/"},"modified":"2025-08-26T09:54:14","modified_gmt":"2025-08-26T09:54:14","slug":"quand-trump-assure-quon-lappelle-president-de-leurope-outre-atlantique","status":"publish","type":"post","link":"https:\/\/www.europesays.com\/fr\/344887\/","title":{"rendered":"Quand Trump assure qu\u2019on l\u2019appelle \u00ab\u00a0pr\u00e9sident de l\u2019Europe\u00a0\u00bb outre atlantique"},"content":{"rendered":"<p>Comme \u00e0 son habitude, <a href=\"https:\/\/www.20minutes.fr\/dossier\/donald_trump\" class=\"c-link c-link--is-underlined\" target=\"_blank\" rel=\"noopener\">Donald Trump<\/a> recevait, lundi, dans le bureau ovale de la Maison Blanche, une poign\u00e9e de journalistes pas trop critiques envers sa politique. Face \u00e0 eux, le pr\u00e9sident des <a href=\"https:\/\/www.20minutes.fr\/monde\/etats-unis\/\" class=\"c-link c-link--is-underlined\" target=\"_blank\" rel=\"noopener\">Etats-Unis<\/a> s\u2019est quelque peu vant\u00e9 d\u2019\u00eatre qualifi\u00e9 en coulisses par les dirigeants europ\u00e9ens de \u00ab\u00a0pr\u00e9sident de l\u2019<a href=\"https:\/\/www.20minutes.fr\/dossier\/europe\" class=\"c-link c-link--is-underlined\" target=\"_blank\" rel=\"noopener\">Europe<\/a>\u00a0\u00bb.<\/p>\n<p>La s\u00e9quence a \u00e9t\u00e9 <a href=\"https:\/\/x.com\/atrupar\/status\/1959997138340843565\" rel=\"nofollow\" target=\"_blank\" class=\"c-link c-link--is-underlined\">publi\u00e9e sur X<\/a> par un journaliste am\u00e9ricain. On y voit Donald Trump, assis derri\u00e8re son bureau, entour\u00e9 de gardes du corps. \u00ab\u00a0Ils respectent votre pr\u00e9sident au point de m\u2019appeler en plaisantant \u00a0\u00bble pr\u00e9sident de l\u2019Europe\u00a0\u00bb\u00a0\u00bb, lance-t-il. Les \u00ab\u00a0ils\u00a0\u00bb en question, ce sont plusieurs dirigeants europ\u00e9ens qui \u00e9taient rassembl\u00e9s le 18\u00a0ao\u00fbt \u00e0 Washington pour \u00e9voquer la situation en Ukraine et le soutien des Etats-Unis dans la guerre contre la Russie. Il y avait, entre autres, Emmanuel Macron, Keir Starmer, premier ministre britannique, Friedrich Merz, chancelier allemand, ou encore Ursula von der Leyen, la pr\u00e9sidente de la Commission europ\u00e9enne.<\/p>\n<p>\u00ab\u00a0C\u2019est un honneur, j\u2019aime ces gens\u00a0\u00bb<\/p>\n<p>Donald Trump ne voit aucun sarcasme dans ce surnom que lui auraient donn\u00e9 ses homologues d\u2019outre atlantique. \u00ab\u00a0C\u2019est un honneur, j\u2019aime ces gens, ce sont des gens bien, de grands dirigeants\u00a0\u00bb, a-t-il m\u00eame ajout\u00e9. Et, selon le pr\u00e9sident am\u00e9ricain, cela vient certainement de l\u2019influence importante qu\u2019il a sur l\u2019Europe. Une influence dont il a donn\u00e9 deux exemples aux journalistes pr\u00e9sents dans le bureau ovale.<\/p>\n<\/p>\n<p><a href=\"https:\/\/www.bfmtv.com\/international\/amerique-nord\/etats-unis\/donald-trump\/ils-m-appellent-president-de-l-europe-donald-trump-se-vante-de-son-influence-sur-le-vieux-continent_AN-202508250636.html\" rel=\"nofollow noopener\" target=\"_blank\" class=\"c-link c-link--is-underlined\">Selon BFM<\/a>, le premier exemple est cet \u00e9change t\u00e9l\u00e9phonique avec le pr\u00e9sident russe, lundi dernier, au beau milieu de la r\u00e9union avec les dirigeants europ\u00e9ens, dans le but d\u2019organiser une rencontre entre Zelensky et Poutine. Et si Trump appara\u00eet comme le chef d\u2019orchestre incontournable de la fin de la guerre, les Europ\u00e9ens restent malgr\u00e9 tout sur la r\u00e9serve, notamment sur les concessions qui pourraient \u00eatre faites \u00e0 la Russie pour y parvenir.<\/p>\n<p><a href=\"https:\/\/www.20minutes.fr\/monde\/ukraine\/\" class=\"c-link c-btn c-btn--primary\" target=\"_blank\" rel=\"noopener\">Notre dossier sur la guerre en Ukraine<\/a><\/p>\n<p>Le locataire de la Maison Blanche voit aussi son influence dans la d\u00e9cision prise par les membres de l\u2019Otan, en juin, de consacrer 5\u00a0% de leur PIB \u00e0 la d\u00e9fense d\u2019ici \u00e0\u00a02035. En effet, depuis son \u00e9lection pour un deuxi\u00e8me mandat, Donald Trump avait demand\u00e9 \u00e0 plusieurs reprises \u00e0 l\u2019Otan de s\u2019engager dans ce sens, faute de quoi il avait menac\u00e9 de ne plus \u00ab\u00a0d\u00e9fendre\u00a0\u00bb les pays membres de l\u2019Alliance atlantique.<\/p>\n","protected":false},"excerpt":{"rendered":"Comme \u00e0 son habitude, Donald Trump recevait, lundi, dans le bureau ovale de la Maison Blanche, une poign\u00e9e&hellip;\n","protected":false},"author":2,"featured_media":344888,"comment_status":"","ping_status":"","sticky":false,"template":"","format":"standard","meta":{"footnotes":""},"categories":[2],"tags":[47,11,75,73,674,1011,27,131,74,12,25],"class_list":{"0":"post-344887","1":"post","2":"type-post","3":"status-publish","4":"format-standard","5":"has-post-thumbnail","7":"category-actualites","8":"tag-actualite","9":"tag-actualites","10":"tag-donald-trump","11":"tag-etats-unis","12":"tag-europe","13":"tag-fr","14":"tag-france","15":"tag-guerre-en-ukraine","16":"tag-monde","17":"tag-news","18":"tag-republique-francaise"},"share_on_mastodon":{"url":"https:\/\/pubeurope.com\/@fr\/115094465040437625","error":""},"_links":{"self":[{"href":"https:\/\/www.europesays.com\/fr\/wp-json\/wp\/v2\/posts\/344887","targetHints":{"allow":["GET"]}}],"collection":[{"href":"https:\/\/www.europesays.com\/fr\/wp-json\/wp\/v2\/posts"}],"about":[{"href":"https:\/\/www.europesays.com\/fr\/wp-json\/wp\/v2\/types\/post"}],"author":[{"embeddable":true,"href":"https:\/\/www.europesays.com\/fr\/wp-json\/wp\/v2\/users\/2"}],"replies":[{"embeddable":true,"href":"https:\/\/www.europesays.com\/fr\/wp-json\/wp\/v2\/comments?post=344887"}],"version-history":[{"count":0,"href":"https:\/\/www.europesays.com\/fr\/wp-json\/wp\/v2\/posts\/344887\/revisions"}],"wp:featuredmedia":[{"embeddable":true,"href":"https:\/\/www.europesays.com\/fr\/wp-json\/wp\/v2\/media\/344888"}],"wp:attachment":[{"href":"https:\/\/www.europesays.com\/fr\/wp-json\/wp\/v2\/media?parent=344887"}],"wp:term":[{"taxonomy":"category","embeddable":true,"href":"https:\/\/www.europesays.com\/fr\/wp-json\/wp\/v2\/categories?post=344887"},{"taxonomy":"post_tag","embeddable":true,"href":"https:\/\/www.europesays.com\/fr\/wp-json\/wp\/v2\/tags?post=344887"}],"curies":[{"name":"wp","href":"https:\/\/api.w.org\/{rel}","templated":true}]}}