{"id":344893,"date":"2025-08-26T09:59:13","date_gmt":"2025-08-26T09:59:13","guid":{"rendered":"https:\/\/www.europesays.com\/fr\/344893\/"},"modified":"2025-08-26T09:59:13","modified_gmt":"2025-08-26T09:59:13","slug":"us-open-cilic-sur-alcaraz-personne-ne-ma-autant-impressionne-que-lui-durant-toute-ma-carriere","status":"publish","type":"post","link":"https:\/\/www.europesays.com\/fr\/344893\/","title":{"rendered":"US Open > Cilic sur Alcaraz : \u00ab\u00a0Personne ne m&rsquo;a autant impressionn\u00e9 que lui durant toute ma carri\u00e8re\u00a0\u00bb"},"content":{"rendered":"<p>Marin Cilic est revenu pour Punto de Break sur ses premiers duels face \u00e0 Carlos Alcaraz. Alors que le Croate a affront\u00e9 tous les plus grands, il \u00e9voque l\u2019id\u00e9e que l\u2019ex\u00adp\u00e9\u00adrience face \u00e0 Carlitos est unique.<\/p>\n<p><strong>\u00ab\u202fQuand je l\u2019ai affront\u00e9 \u00e0 Miami, \u00e0 Cincinnati et ici \u00e0 New York, il m\u2019a vrai\u00adment impressionn\u00e9.Personne ne m\u2019a autant impres\u00adsionn\u00e9 que lui durant toute ma carri\u00e8re. Je savais que j\u2019avais quel\u00adqu\u2019un de vrai\u00adment sp\u00e9cial en face de moi. Lui et Sinner m\u00e9ritent tous deux leur succ\u00e8s\u202f; ils travaillent dur et sont incroya\u00adble\u00adment disciplin\u00e9s\u202f\u00bb<\/strong><\/p>\n<p class=\"post-published-date\" style=\"color: silver; font-size: 75%; text-align: left;\">Publi\u00e9 le mardi 26 ao\u00fbt 2025 \u00e0 11:10<\/p>\n","protected":false},"excerpt":{"rendered":"Marin Cilic est revenu pour Punto de Break sur ses premiers duels face \u00e0 Carlos Alcaraz. Alors que&hellip;\n","protected":false},"author":2,"featured_media":344894,"comment_status":"","ping_status":"","sticky":false,"template":"","format":"standard","meta":{"footnotes":""},"categories":[1415],"tags":[1744,1011,27,2127,60,1467],"class_list":{"0":"post-344893","1":"post","2":"type-post","3":"status-publish","4":"format-standard","5":"has-post-thumbnail","7":"category-tennis","8":"tag-alcaraz","9":"tag-fr","10":"tag-france","11":"tag-sinner","12":"tag-sports","13":"tag-tennis"},"share_on_mastodon":{"url":"https:\/\/pubeurope.com\/@fr\/115094484617271875","error":""},"_links":{"self":[{"href":"https:\/\/www.europesays.com\/fr\/wp-json\/wp\/v2\/posts\/344893","targetHints":{"allow":["GET"]}}],"collection":[{"href":"https:\/\/www.europesays.com\/fr\/wp-json\/wp\/v2\/posts"}],"about":[{"href":"https:\/\/www.europesays.com\/fr\/wp-json\/wp\/v2\/types\/post"}],"author":[{"embeddable":true,"href":"https:\/\/www.europesays.com\/fr\/wp-json\/wp\/v2\/users\/2"}],"replies":[{"embeddable":true,"href":"https:\/\/www.europesays.com\/fr\/wp-json\/wp\/v2\/comments?post=344893"}],"version-history":[{"count":0,"href":"https:\/\/www.europesays.com\/fr\/wp-json\/wp\/v2\/posts\/344893\/revisions"}],"wp:featuredmedia":[{"embeddable":true,"href":"https:\/\/www.europesays.com\/fr\/wp-json\/wp\/v2\/media\/344894"}],"wp:attachment":[{"href":"https:\/\/www.europesays.com\/fr\/wp-json\/wp\/v2\/media?parent=344893"}],"wp:term":[{"taxonomy":"category","embeddable":true,"href":"https:\/\/www.europesays.com\/fr\/wp-json\/wp\/v2\/categories?post=344893"},{"taxonomy":"post_tag","embeddable":true,"href":"https:\/\/www.europesays.com\/fr\/wp-json\/wp\/v2\/tags?post=344893"}],"curies":[{"name":"wp","href":"https:\/\/api.w.org\/{rel}","templated":true}]}}