{"id":344895,"date":"2025-08-26T10:01:14","date_gmt":"2025-08-26T10:01:14","guid":{"rendered":"https:\/\/www.europesays.com\/fr\/344895\/"},"modified":"2025-08-26T10:01:14","modified_gmt":"2025-08-26T10:01:14","slug":"je-dois-dire-quaujourdhui-je-me-suis-reconnu-davantage","status":"publish","type":"post","link":"https:\/\/www.europesays.com\/fr\/344895\/","title":{"rendered":"\u00ab Je dois dire qu&rsquo;aujourd&rsquo;hui, je me suis reconnu davantage \u00bb"},"content":{"rendered":"<p>&#13;<\/p>\n<p><strong>Neuvi\u00e8me en Hongrie, Francesco Bagnaia ne s\u2019est pas illustr\u00e9 au classement, mais confie avoir retrouv\u00e9 son feeling.<\/strong><\/p>\n<p>\u00ab\u2009Je suis assez content, pas du r\u00e9sultat, mais du feeling, a d\u00e9clar\u00e9 Francesco Bagnaia apr\u00e8s la course \u00e0 Balaton Park. J\u2019ai pu piloter la moto au lieu de me laisser mener par elle. C\u2019\u00e9tait une bonne course dans ce sens-l\u00e0. J\u2019ai juste commis deux erreurs, j\u2019ai frein\u00e9 trop tard deux fois parce que je me sentais si bien que j\u2019ai voulu attaquer davantage. C\u2019est un bon signe. Je suis content.\u2009\u00bb<\/p>\n<p>Bagnaia explique qu\u2019il avait d\u00e9j\u00e0 commenc\u00e9 \u00e0 se sentir mieux d\u00e8s la veille\u00a0: \u00ab\u2009J\u2019ai dit que c\u2019\u00e9tait un petit pas en avant dans une p\u00e9riode compliqu\u00e9e. Aujourd\u2019hui, tour apr\u00e8s tour, je me sentais de mieux en mieux. On a perdu le warm-up \u00e0 cause d\u2019un souci, mais j\u2019ai pris le d\u00e9part sans penser \u00e0 rien, sans objectif de r\u00e9sultat. Je me suis juste adapt\u00e9 \u00e0 la moto et sur la fin, je roulais bien. Si je ne faisais pas une derni\u00e8re erreur au virage\u00a05, j\u2019aurais m\u00eame fait mon meilleur tour dans le dernier tour.\u2009\u00bb<\/p>\n<p>Cette nouvelle dynamique, l\u2019Italien l\u2019attribue \u00e0 un gros changement de set-up\u00a0: \u00ab\u2009Ce n\u2019\u00e9tait pas un petit pas en termes de set-up, c\u2019\u00e9tait un gros changement, et heureusement dans la bonne direction. D\u00e8s le moment o\u00f9 on l\u2019a essay\u00e9, j\u2019ai senti du potentiel. On va red\u00e9marrer avec ce r\u00e9glage \u00e0 Barcelone et continuer \u00e0 bosser l\u00e0-dessus pour les prochaines courses. On verra si c\u2019est mieux ou non, mais je suis plut\u00f4t s\u00fbr que ce sera mieux.\u2009\u00bb<\/p>\n<p>Et, surtout, cette \u00e9volution lui a permis de se retrouver\u00a0: \u00ab\u2009Je dois dire qu\u2019aujourd\u2019hui, je me suis reconnu davantage.\u2009\u00bb<\/p>\n<p>&#13;<br \/>\n           &#13;<br \/>\n&#13;<br \/>\n    &#13;<br \/>\n    &#13;<\/p>\n","protected":false},"excerpt":{"rendered":"&#13; Neuvi\u00e8me en Hongrie, Francesco Bagnaia ne s\u2019est pas illustr\u00e9 au classement, mais confie avoir retrouv\u00e9 son feeling.&hellip;\n","protected":false},"author":2,"featured_media":344896,"comment_status":"","ping_status":"","sticky":false,"template":"","format":"standard","meta":{"footnotes":""},"categories":[1413],"tags":[1011,27,1457,1456,60],"class_list":{"0":"post-344895","1":"post","2":"type-post","3":"status-publish","4":"format-standard","5":"has-post-thumbnail","7":"category-moto","8":"tag-fr","9":"tag-france","10":"tag-moto","11":"tag-motocycle","12":"tag-sports"},"share_on_mastodon":{"url":"https:\/\/pubeurope.com\/@fr\/115094492484318544","error":""},"_links":{"self":[{"href":"https:\/\/www.europesays.com\/fr\/wp-json\/wp\/v2\/posts\/344895","targetHints":{"allow":["GET"]}}],"collection":[{"href":"https:\/\/www.europesays.com\/fr\/wp-json\/wp\/v2\/posts"}],"about":[{"href":"https:\/\/www.europesays.com\/fr\/wp-json\/wp\/v2\/types\/post"}],"author":[{"embeddable":true,"href":"https:\/\/www.europesays.com\/fr\/wp-json\/wp\/v2\/users\/2"}],"replies":[{"embeddable":true,"href":"https:\/\/www.europesays.com\/fr\/wp-json\/wp\/v2\/comments?post=344895"}],"version-history":[{"count":0,"href":"https:\/\/www.europesays.com\/fr\/wp-json\/wp\/v2\/posts\/344895\/revisions"}],"wp:featuredmedia":[{"embeddable":true,"href":"https:\/\/www.europesays.com\/fr\/wp-json\/wp\/v2\/media\/344896"}],"wp:attachment":[{"href":"https:\/\/www.europesays.com\/fr\/wp-json\/wp\/v2\/media?parent=344895"}],"wp:term":[{"taxonomy":"category","embeddable":true,"href":"https:\/\/www.europesays.com\/fr\/wp-json\/wp\/v2\/categories?post=344895"},{"taxonomy":"post_tag","embeddable":true,"href":"https:\/\/www.europesays.com\/fr\/wp-json\/wp\/v2\/tags?post=344895"}],"curies":[{"name":"wp","href":"https:\/\/api.w.org\/{rel}","templated":true}]}}