{"id":344897,"date":"2025-08-26T10:02:10","date_gmt":"2025-08-26T10:02:10","guid":{"rendered":"https:\/\/www.europesays.com\/fr\/344897\/"},"modified":"2025-08-26T10:02:10","modified_gmt":"2025-08-26T10:02:10","slug":"thom-gicquel-et-delphine-delrue-veulent-prendre-leur-revanche-des-jo-2024","status":"publish","type":"post","link":"https:\/\/www.europesays.com\/fr\/344897\/","title":{"rendered":"Thom Gicquel et Delphine Delrue veulent prendre leur revanche des JO 2024"},"content":{"rendered":"<p>\u00c9limin\u00e9s d\u00e8s la phase de poules lors des derniers Jeux, le double mixte fran\u00e7ais, fort du prestigieux titre conquis en Indon\u00e9sie en juin, retrouve l\u2019Adidas Arena avec l\u2019ambition d\u2019y briller.<\/p>\n<p class=\"fig-paragraph\">D\u00e9but avril, Thom Gicquel et Delphine Delrue, tous deux \u00e2g\u00e9s de 26 ans, avaient \u00e9tabli leur feuille de route pour 2025. \u00c0 savoir conserver le titre europ\u00e9en conquis l\u2019ann\u00e9e auparavant, remporter un titre dans un tournoi de cat\u00e9gorie Super 750 ou 1000 (l\u2019\u00e9quivalent d\u2019un Grand Chelem en tennis), d\u00e9crocher une m\u00e9daille lors des Championnats du monde \u00e0 Paris et int\u00e9grer le Top 5 mondial. Des objectifs ambitieux, qu\u2019ils ne sont plus en mesure de tenir int\u00e9gralement en raison de leur d\u00e9faite en finale des derniers Championnats d\u2019Europe face aux Danois Jesper Toft et Amalie Magelund (18-21, 19-21). N\u00e9anmoins, ils ont quand m\u00eame frapp\u00e9 tr\u00e8s fort le 8 juin dernier en remportant le Super 1000 en Indon\u00e9sie, du c\u00f4t\u00e9 de Djakarta. Une performance in\u00e9dite pour le badminton fran\u00e7ais.<\/p>\n<p class=\"fig-paragraph\">Un titre qui leur permet d\u2019aborder ces Mondiaux \u00e0 Paris avec une confiance nouvelle, m\u00eame si derri\u00e8re, le tandem hexagonal, qui pointe \u00e0 la 7e place mondiale, n\u2019a pas r\u00e9ussi \u00e0 surfer dessus autant qu\u2019il l\u2019aurait souhait\u00e9 en s\u2019inclinant au 2e tour \u00e0 l\u2019Open de Tokyo, puis d\u00e8s son entr\u00e9e en lice \u00e0 Changzhou (Chine). Des pays asiatiques o\u00f9 les deux Fran\u00e7ais disposent d\u2019une notori\u00e9t\u00e9 sans commune mesure avec celle qui est la leur dans l\u2019Hexagone. Une dichotomie que vit tr\u00e8s bien Thom Gicquel\u00a0: \u00abPar exemple, d\u00e8s qu\u2019on arrive en Indon\u00e9sie, c\u2019est tr\u00e8s sp\u00e9cial car on re\u00e7oit des cadeaux dans la chambre, ce \u00e0 quoi on n\u2019est pas habitu\u00e9s. C\u2019est vraiment jouissif d\u2019avoir cette notori\u00e9t\u00e9 quelques semaines par an, avec \u00e9galement les tournois en Chine et au Japon. Cela nourrit l\u2019ego et cela nous permet de nous faire un petit kif de vivre comme de petites stars. Et ici, \u00e0 Paris, d\u2019\u00eatre inconnu ou presque, c\u2019est parfait.\u00bb<\/p>\n<blockquote class=\"fig-quote&#10;    \">\n<p class=\"fig-quote__text\">On avait bien jou\u00e9 au JO, mais on n\u2019avait pas r\u00e9ussi \u00e0 atteindre notre objectif.<\/p>\n<p>            Delphine Delrue\n    <\/p><\/blockquote>\n<p>                                    <a class=\"fig-a11y-skip a11y-hidden\" href=\"#fig-a11y-skip-main-inarticle\"><br \/>\n        Passer la publicit\u00e9<br \/>\n    <\/a><\/p>\n<p class=\"fig-paragraph\">Si le double mixte fran\u00e7ais ne court pas apr\u00e8s la m\u00e9diatisation, il r\u00eave cependant de gloire sur le plan purement sportif au moment de commencer ces Championnats du monde \u00e0 domicile ce mercredi. Avec aussi, dans un coin de la t\u00eate, cette volont\u00e9 de prendre une petite revanche sur le sort, qui l\u2019avait plac\u00e9 dans un groupe tr\u00e8s relev\u00e9 lors des JO 2024 dont les Bleus n\u2019avaient pas su s\u2019extirper. \u00abOn avait bien jou\u00e9 au JO, mais on n\u2019avait pas r\u00e9ussi \u00e0 atteindre notre objectif\u00bb, analyse Delphine Delrue. \u00abDu coup, cette ann\u00e9e, on veut vraiment aller le plus loin possible et jouer le plus de matchs devant le public fran\u00e7ais, dans cette salle, parce que nous avons vraiment kiff\u00e9 ce que nous y avons v\u00e9cu lors des Jeux.\u00bb \u00abC\u2019est s\u00fbr qu\u2019une comp\u00e9tition comme \u00e7a, cela donne beaucoup d\u2019exp\u00e9rience et forc\u00e9ment, nous avons appris beaucoup de choses sur nous, sur la fa\u00e7on de se pr\u00e9parer\u2026\u00bb, pr\u00e9cise son partenaire. \u00abApr\u00e8s, c\u2019\u00e9tait une comp\u00e9tition diff\u00e9rente, avec un format diff\u00e9rent. Aux JO, comme ce sont des poules et que c\u2019est la seule comp\u00e9tition avec ce format, c\u2019\u00e9tait vraiment particulier. L\u00e0, sur ces Mondiaux, la formule est la m\u00eame que sur n\u2019importe quel tournoi, donc \u00e7a va \u00eatre plus facile de se mettre dedans.\u00bb<\/p>\n<p>    Thom Gicquel et Delphine Delrue<br \/>\n                Anthony Dibon \/ Icon Sport<\/p>\n<p class=\"fig-paragraph\">S\u2019estimant plus fort qu\u2019il y a un an, Delrue et Gicquel veulent le d\u00e9montrer devant leur public, eux qui \u00e9voluent ensemble depuis huit ans d\u00e9sormais et qui, depuis peu, disposent d\u2019une v\u00e9ritable structure \u00e0 leur service. Une \u00e9volution pour eux qui se sont parfois sentis un peu seuls pour mener leur projet \u00e0 bien, ce qui leur a valu une p\u00e9riode difficile avant les Jeux de Paris. \u00abFranchement, je ne suis pas s\u00fbr que cette mauvaise p\u00e9riode nous a rendus plus forts\u00bb, estime Gicquel. \u00abJe me serais bien pass\u00e9 des un an et demi o\u00f9 on a gal\u00e9r\u00e9. Maintenant, c\u2019est certain qu\u2019un moment difficile comme celui-ci permet d\u2019appr\u00e9cier encore plus quand \u00e7a se passe bien, et quand on se sent soutenu et qu\u2019il y a un groupe derri\u00e8re nous.\u00bb \u00abC\u2019est s\u00fbr que quand \u00e7a se passe mal pendant aussi longtemps, on a l\u2019impression de perdre du temps. Mais maintenant on est bien entour\u00e9, donc on est content\u00bb, ajoute Delrue.<\/p>\n<blockquote class=\"fig-quote&#10;    \">\n<p class=\"fig-quote__text\">Parfois, c\u2019est bien d\u2019avoir un peu le boulard en sport.<\/p>\n<p>            Thom Gicquel\n    <\/p><\/blockquote>\n<p class=\"fig-paragraph\">Alors que le badminton fran\u00e7ais vit un v\u00e9ritable \u00e2ge d\u2019or avec l\u2019\u00e9mergence des fr\u00e8res Popov, Christo et Toma Junior, ainsi que celle d\u2019Alex Lanier, le natif de Tours insiste sur cette notion de confiance n\u00e9cessaire pour performer\u00a0: \u00abParfois, c\u2019est bien d\u2019avoir un peu le boulard en sport. Il faut avoir juste ce qu\u2019il faut pour faire du bien \u00e0 son ego, tout en restant lucide pour ne pas non plus arriver trop confiant. Avec les Popov qui performent en simple et en double, avec Alex qui n\u2019arr\u00eate pas de monter, c\u2019\u00e9tait bien aussi pour notre ego de nous replacer sur le devant de la sc\u00e8ne. C\u2019est de la jalousie positive quand on les voit r\u00e9ussir et inversement. Cela pousse tout le monde \u00e0 donner encore plus et c\u2019est super pour le badminton fran\u00e7ais de ne pas avoir seulement une t\u00eate d\u2019affiche qui se retrouve un peu seule \u00e0 porter le poids de toute la pression.\u00bb A Paris, en effet, ils seront bien entour\u00e9s.<\/p>\n","protected":false},"excerpt":{"rendered":"\u00c9limin\u00e9s d\u00e8s la phase de poules lors des derniers Jeux, le double mixte fran\u00e7ais, fort du prestigieux titre&hellip;\n","protected":false},"author":2,"featured_media":344898,"comment_status":"","ping_status":"","sticky":false,"template":"","format":"standard","meta":{"footnotes":""},"categories":[1412],"tags":[2466,2465,2464,1977,1981,451,207,2468,1451,63,1452,1453,1454,1455,1011,27,66,447,2467,1457,2182,1980,479,2259,60,1467],"class_list":{"0":"post-344897","1":"post","2":"type-post","3":"status-publish","4":"format-standard","5":"has-post-thumbnail","7":"category-f1","8":"tag-2466","9":"tag-actu-sport","10":"tag-actualite-sportive","11":"tag-auto","12":"tag-classement","13":"tag-coupe-du-monde","14":"tag-cyclisme","15":"tag-euro-foot","16":"tag-f1","17":"tag-football","18":"tag-formula-1","19":"tag-formula1","20":"tag-formule-1","21":"tag-formule1","22":"tag-fr","23":"tag-france","24":"tag-ligue-1","25":"tag-ligue-des-champions","26":"tag-live-sport","27":"tag-moto","28":"tag-nba","29":"tag-resultats","30":"tag-rugby","31":"tag-score","32":"tag-sports","33":"tag-tennis"},"share_on_mastodon":{"url":"https:\/\/pubeurope.com\/@fr\/115094496462906365","error":""},"_links":{"self":[{"href":"https:\/\/www.europesays.com\/fr\/wp-json\/wp\/v2\/posts\/344897","targetHints":{"allow":["GET"]}}],"collection":[{"href":"https:\/\/www.europesays.com\/fr\/wp-json\/wp\/v2\/posts"}],"about":[{"href":"https:\/\/www.europesays.com\/fr\/wp-json\/wp\/v2\/types\/post"}],"author":[{"embeddable":true,"href":"https:\/\/www.europesays.com\/fr\/wp-json\/wp\/v2\/users\/2"}],"replies":[{"embeddable":true,"href":"https:\/\/www.europesays.com\/fr\/wp-json\/wp\/v2\/comments?post=344897"}],"version-history":[{"count":0,"href":"https:\/\/www.europesays.com\/fr\/wp-json\/wp\/v2\/posts\/344897\/revisions"}],"wp:featuredmedia":[{"embeddable":true,"href":"https:\/\/www.europesays.com\/fr\/wp-json\/wp\/v2\/media\/344898"}],"wp:attachment":[{"href":"https:\/\/www.europesays.com\/fr\/wp-json\/wp\/v2\/media?parent=344897"}],"wp:term":[{"taxonomy":"category","embeddable":true,"href":"https:\/\/www.europesays.com\/fr\/wp-json\/wp\/v2\/categories?post=344897"},{"taxonomy":"post_tag","embeddable":true,"href":"https:\/\/www.europesays.com\/fr\/wp-json\/wp\/v2\/tags?post=344897"}],"curies":[{"name":"wp","href":"https:\/\/api.w.org\/{rel}","templated":true}]}}