{"id":344903,"date":"2025-08-26T10:05:11","date_gmt":"2025-08-26T10:05:11","guid":{"rendered":"https:\/\/www.europesays.com\/fr\/344903\/"},"modified":"2025-08-26T10:05:11","modified_gmt":"2025-08-26T10:05:11","slug":"la-superstar-du-reggaeton-karol-g-apportera-une-touche-latine-au-crazy-horse-de-paris-en-septembre","status":"publish","type":"post","link":"https:\/\/www.europesays.com\/fr\/344903\/","title":{"rendered":"La superstar du reggaeton Karol G apportera une touche latine au Crazy Horse de Paris en septembre"},"content":{"rendered":"<p>La chanteuse colombienne assurera huit repr\u00e9sentations sur la sc\u00e8ne de l\u2019embl\u00e9matique cabaret parisien d\u00e9di\u00e9 \u00e0 l\u2019art \u00e9rotique, qui continue sa r\u00e9invention en mettant en avant des stars du moment.<\/p>\n<p class=\"fig-paragraph\">Le\u00a0<a href=\"https:\/\/www.lefigaro.fr\/sortir-paris\/2019\/03\/12\/30004-20190312ARTFIG00139-viktoria-modesta-artiste-unijambiste-invitee-du-crazy-horse.php\" target=\"_blank\" data-fig-type=\"Article\" rel=\"noopener\" data-gtm-custom-categorie=\"navigation\" data-gtm-custom-action=\"crossclick\" data-gtm-custom-label=\"Contextuel\" data-gtm-event=\"customEventSPE\" data-fig-domain=\"LEFIGARO\">Crazy Horse<\/a>\u00a0continue sa r\u00e9invention avec les stars d\u2019aujourd\u2019hui. Apr\u00e8s la star de la K-pop Lisa, Dita von Teese et\u00a0<a href=\"http:\/\/www.lefigaro.fr\/cinema\/liam-neeson-et-pamela-anderson-a-l-affiche-de-la-suite-de-la-saga-culte-y-a-t-il-un-flic-20250617\" target=\"_blank\" data-fig-type=\"Article\" rel=\"noopener\" data-gtm-custom-categorie=\"navigation\" data-gtm-custom-action=\"crossclick\" data-gtm-custom-label=\"Contextuel\" data-gtm-event=\"customEventSPE\" data-fig-domain=\"LEFIGARO\">Pamela Anderson<\/a>, c\u2019est au tour de la chanteuse colombienne\u00a0<a href=\"http:\/\/www.lefigaro.fr\/musique\/la-star-colombienne-karol-g-enregistre-un-duo-avec-manu-chao-sur-son-nouvel-album-20250622\" target=\"_blank\" data-fig-type=\"NewsFlash\" rel=\"noopener\" data-gtm-custom-categorie=\"navigation\" data-gtm-custom-action=\"crossclick\" data-gtm-custom-label=\"Contextuel\" data-gtm-event=\"customEventSPE\" data-fig-domain=\"LEFIGARO\">Karol G de se produire dans le fameux cabaret fond\u00e9 par Alain Bernardin<\/a>.<\/p>\n<p class=\"fig-paragraph\">Le Crazy Horse a donn\u00e9 carte blanche \u00e0 la star colombienne du reggaeton pour huit repr\u00e9sentations fin septembre, a annonc\u00e9 lundi le c\u00e9l\u00e8bre cabaret parisien dans un communiqu\u00e9. L\u2019\u00e9tablissement accueille ainsi l\u2019une des artistes de reggaeton les plus influentes au monde, r\u00e9compens\u00e9e par un Grammy Award et cinq Latin Grammy Awards, et suivie par 71 millions de personnes sur Instagram.<\/p>\n<p>                                    <a class=\"fig-a11y-skip a11y-hidden\" href=\"#fig-a11y-skip-main-inarticle\"><br \/>\n        Passer la publicit\u00e9<br \/>\n    <\/a><\/p>\n<p class=\"fig-paragraph\">Programm\u00e9e du 25 au 28 septembre, la chanteuse, compositrice et performeuse de 34 ans promet de fusionner l&rsquo;h\u00e9ritage du c\u00e9l\u00e8bre cabaret avec les sonorit\u00e9s merengue et reggaeton de son dernier album, Tropicoqueta, sorti en juin. \u00ab Ce spectacle est un hommage \u00e0 toutes les femmes, et, particuli\u00e8rement \u00e0 mes Latinas, pour c\u00e9l\u00e9brer notre beaut\u00e9 et notre force, telles que nous sommes \u00bb, a d\u00e9clar\u00e9 Karol G, cit\u00e9e dans le communiqu\u00e9.<\/p>\n<p class=\"fig-body-link\">\n            \u00c0 lire aussi<br \/>\n        <a class=\"fig-body-link__link\" href=\"http:\/\/www.lefigaro.fr\/musique\/shakira-bad-bunny-karol-g-les-artistes-latinos-boudes-des-grammy-awards-20240204\" target=\"_blank\" data-fig-type=\"NewsFlash\" rel=\"noopener\" data-gtm-custom-categorie=\"navigation\" data-gtm-custom-action=\"crossclick\" data-gtm-custom-label=\"Contextuel\" data-gtm-event=\"customEventSPE\" data-fig-domain=\"LEFIGARO\">Shakira, Bad Bunny, Karol G&#8230; Les artistes latinos boud\u00e9s des Grammy Awards<br \/>\n    <\/a>\n<\/p>\n<p>Carte blanche \u00e0 Karol G<\/p>\n<p class=\"fig-paragraph\">C&rsquo;est la premi\u00e8re fois dans sa longue histoire que le Crazy Horse donne carte blanche \u00e0 une star d&rsquo;Am\u00e9rique latine. \u00ab Retrouver des beats latino au Crazy Horse, c&rsquo;est totalement in\u00e9dit, mais je n&rsquo;ai pas h\u00e9sit\u00e9 une seconde: j&rsquo;ai \u00e9t\u00e9 s\u00e9duite par sa personnalit\u00e9 unique\u00a0\u00bb, a expliqu\u00e9 Andr\u00e9e Deissenberg, directrice g\u00e9n\u00e9rale du Crazy Horse, cit\u00e9e dans le communiqu\u00e9. \u00c0 l&rsquo;initiative de l&rsquo;invitation de guest-stars depuis 2006 pour renouveler l&rsquo;image du Crazy Horse, Andr\u00e9e Deissenberg a notamment fait venir sur sc\u00e8ne l&rsquo;effeuilleuse burlesque\u00a0<a href=\"https:\/\/www.lefigaro.fr\/culture\/dita-von-teese-pin-up-avertie-20200207\" target=\"_blank\" data-fig-type=\"Article\" rel=\"noopener\" data-gtm-custom-categorie=\"navigation\" data-gtm-custom-action=\"crossclick\" data-gtm-custom-label=\"Contextuel\" data-gtm-event=\"customEventSPE\" data-fig-domain=\"LEFIGARO\">Dita von Teese<\/a>, et la drag Queen\u00a0<a href=\"https:\/\/www.lefigaro.fr\/culture\/2018\/07\/24\/03004-20180724ARTFIG00085-conchita-wurst-seropositive-au-vih-veut-mettre-fin-aux-cliches-sur-le-sida.php\" target=\"_blank\" data-fig-type=\"Article\" rel=\"noopener\" data-gtm-custom-categorie=\"navigation\" data-gtm-custom-action=\"crossclick\" data-gtm-custom-label=\"Contextuel\" data-gtm-event=\"customEventSPE\" data-fig-domain=\"LEFIGARO\">Conchita Wurst<\/a>.<\/p>\n","protected":false},"excerpt":{"rendered":"La chanteuse colombienne assurera huit repr\u00e9sentations sur la sc\u00e8ne de l\u2019embl\u00e9matique cabaret parisien d\u00e9di\u00e9 \u00e0 l\u2019art \u00e9rotique, qui&hellip;\n","protected":false},"author":2,"featured_media":344904,"comment_status":"","ping_status":"","sticky":false,"template":"","format":"standard","meta":{"footnotes":""},"categories":[1359],"tags":[27985,42232,58,59,1011,27,973],"class_list":{"0":"post-344903","1":"post","2":"type-post","3":"status-publish","4":"format-standard","5":"has-post-thumbnail","7":"category-people","8":"tag-cabaret","9":"tag-crazy-horse","10":"tag-divertissement","11":"tag-entertainment","12":"tag-fr","13":"tag-france","14":"tag-people"},"share_on_mastodon":{"url":"https:\/\/pubeurope.com\/@fr\/115094508265989829","error":""},"_links":{"self":[{"href":"https:\/\/www.europesays.com\/fr\/wp-json\/wp\/v2\/posts\/344903","targetHints":{"allow":["GET"]}}],"collection":[{"href":"https:\/\/www.europesays.com\/fr\/wp-json\/wp\/v2\/posts"}],"about":[{"href":"https:\/\/www.europesays.com\/fr\/wp-json\/wp\/v2\/types\/post"}],"author":[{"embeddable":true,"href":"https:\/\/www.europesays.com\/fr\/wp-json\/wp\/v2\/users\/2"}],"replies":[{"embeddable":true,"href":"https:\/\/www.europesays.com\/fr\/wp-json\/wp\/v2\/comments?post=344903"}],"version-history":[{"count":0,"href":"https:\/\/www.europesays.com\/fr\/wp-json\/wp\/v2\/posts\/344903\/revisions"}],"wp:featuredmedia":[{"embeddable":true,"href":"https:\/\/www.europesays.com\/fr\/wp-json\/wp\/v2\/media\/344904"}],"wp:attachment":[{"href":"https:\/\/www.europesays.com\/fr\/wp-json\/wp\/v2\/media?parent=344903"}],"wp:term":[{"taxonomy":"category","embeddable":true,"href":"https:\/\/www.europesays.com\/fr\/wp-json\/wp\/v2\/categories?post=344903"},{"taxonomy":"post_tag","embeddable":true,"href":"https:\/\/www.europesays.com\/fr\/wp-json\/wp\/v2\/tags?post=344903"}],"curies":[{"name":"wp","href":"https:\/\/api.w.org\/{rel}","templated":true}]}}