{"id":344905,"date":"2025-08-26T10:06:22","date_gmt":"2025-08-26T10:06:22","guid":{"rendered":"https:\/\/www.europesays.com\/fr\/344905\/"},"modified":"2025-08-26T10:06:22","modified_gmt":"2025-08-26T10:06:22","slug":"villa-noailles-quel-avenir-apres-les-annees-blanc","status":"publish","type":"post","link":"https:\/\/www.europesays.com\/fr\/344905\/","title":{"rendered":"Villa Noailles : quel avenir apr\u00e8s les ann\u00e9es Blanc ?"},"content":{"rendered":"<p>Cr\u00e9\u00e9 en 2003, le centre d&rsquo;art d&rsquo;Hy\u00e8res\u00a0se s\u00e9pare de\u00a0son directeur historique, fragilis\u00e9 par la r\u00e9v\u00e9lation d&rsquo;un important d\u00e9ficit et des accusations de management toxique. Hugo Lucchino, en provenance du Palais Galliera, le remplacera cet automne.<\/p>\n<p>Secr\u00e9taire g\u00e9n\u00e9ral du Palais Galliera depuis 2015, Hugo Lucchino, 34 ans, prendra en octobre les r\u00eanes de la Villa Noailles, plong\u00e9e dans <a href=\"https:\/\/www.lequotidiendelart.com\/articles\/27406-endett%C3%A9e-la-villa-noailles-retoqu%C3%A9e-pour-sa-mauvaise-gestion.html\" target=\"_blank\" rel=\"noopener\">une crise financi\u00e8re <\/a>in\u00e9dite depuis sa cr\u00e9ation en 2003. Le centre d\u2019art, qui organise chaque ann\u00e9e le Festival international de\u00a0mode, de photographie et d\u2019accessoires d\u2019Hy\u00e8res, et les festivals Design Parade Hy\u00e8res et Toulon, s\u2019\u00e9tait vu \u00e9pingler au printemps dernier dans un rapport du minist\u00e8re de la Culture mentionnant un d\u00e9ficit cumul\u00e9 de 4 millions d\u2019euros. D\u2019anciens collaborateurs avaient alors mis en cause le directeur de la Villa et fondateur des deux festivals, Jean-Pierre Blanc, pour management toxique, tandis que d&rsquo;importantes\u00a0d\u00e9rives budg\u00e9taires \u00e9taient mises au jour, notamment en mati\u00e8re de frais de repr\u00e9sentation. \u00c0\u00a0la suite de ces r\u00e9v\u00e9lations, la Direction r\u00e9gionale des Affaires culturelles avait recommand\u00e9 \u00e0 l\u2019association qui g\u00e8re la Villa Noailles de rapidement redresser la barre par l\u2019\u00e9conomie de pr\u00e8s de 800 000 euros par an et le recrutement d\u2019un directeur financier. La nomination d&rsquo;Hugo Lucchino intervient peu apr\u00e8s que la Villa\u2026<\/p>\n","protected":false},"excerpt":{"rendered":"Cr\u00e9\u00e9 en 2003, le centre d&rsquo;art d&rsquo;Hy\u00e8res\u00a0se s\u00e9pare de\u00a0son directeur historique, fragilis\u00e9 par la r\u00e9v\u00e9lation d&rsquo;un important d\u00e9ficit&hellip;\n","protected":false},"author":2,"featured_media":344906,"comment_status":"","ping_status":"","sticky":false,"template":"","format":"standard","meta":{"footnotes":""},"categories":[1358],"tags":[1348,1384,1385,48107,1386,58,59,3337,1011,27,9958,30060,985,8145,883,2310,30059],"class_list":{"0":"post-344905","1":"post","2":"type-post","3":"status-publish","4":"format-standard","5":"has-post-thumbnail","7":"category-arts-et-design","8":"tag-arts","9":"tag-arts-and-design","10":"tag-arts-et-design","11":"tag-centre-dart","12":"tag-design","13":"tag-divertissement","14":"tag-entertainment","15":"tag-festivals","16":"tag-fr","17":"tag-france","18":"tag-hyeres","19":"tag-jean-pierre-blanc","20":"tag-mode","21":"tag-nomination","22":"tag-paca","23":"tag-toulon","24":"tag-villa-noailles"},"share_on_mastodon":{"url":"https:\/\/pubeurope.com\/@fr\/115094512203770195","error":""},"_links":{"self":[{"href":"https:\/\/www.europesays.com\/fr\/wp-json\/wp\/v2\/posts\/344905","targetHints":{"allow":["GET"]}}],"collection":[{"href":"https:\/\/www.europesays.com\/fr\/wp-json\/wp\/v2\/posts"}],"about":[{"href":"https:\/\/www.europesays.com\/fr\/wp-json\/wp\/v2\/types\/post"}],"author":[{"embeddable":true,"href":"https:\/\/www.europesays.com\/fr\/wp-json\/wp\/v2\/users\/2"}],"replies":[{"embeddable":true,"href":"https:\/\/www.europesays.com\/fr\/wp-json\/wp\/v2\/comments?post=344905"}],"version-history":[{"count":0,"href":"https:\/\/www.europesays.com\/fr\/wp-json\/wp\/v2\/posts\/344905\/revisions"}],"wp:featuredmedia":[{"embeddable":true,"href":"https:\/\/www.europesays.com\/fr\/wp-json\/wp\/v2\/media\/344906"}],"wp:attachment":[{"href":"https:\/\/www.europesays.com\/fr\/wp-json\/wp\/v2\/media?parent=344905"}],"wp:term":[{"taxonomy":"category","embeddable":true,"href":"https:\/\/www.europesays.com\/fr\/wp-json\/wp\/v2\/categories?post=344905"},{"taxonomy":"post_tag","embeddable":true,"href":"https:\/\/www.europesays.com\/fr\/wp-json\/wp\/v2\/tags?post=344905"}],"curies":[{"name":"wp","href":"https:\/\/api.w.org\/{rel}","templated":true}]}}