{"id":344910,"date":"2025-08-26T10:09:09","date_gmt":"2025-08-26T10:09:09","guid":{"rendered":"https:\/\/www.europesays.com\/fr\/344910\/"},"modified":"2025-08-26T10:09:09","modified_gmt":"2025-08-26T10:09:09","slug":"le-trio-rap-irlandais-kneecap-annule-sa-tournee-americaine-en-raison-de-son-proces-rts-ch","status":"publish","type":"post","link":"https:\/\/www.europesays.com\/fr\/344910\/","title":{"rendered":"Le trio rap irlandais Kneecap annule sa tourn\u00e9e am\u00e9ricaine en raison de son proc\u00e8s &#8211; rts.ch"},"content":{"rendered":"<p>Le groupe de rappeurs nord-irlandais Kneecap, dont l&rsquo;un des membres est poursuivi par la justice britannique pour soutien au Hezbollah, a annonc\u00e9 lundi soir l&rsquo;annulation de sa tourn\u00e9e am\u00e9ricaine, d\u00e9non\u00e7ant une \u00ab\u00a0chasse aux sorci\u00e8res\u00a0\u00bb.<\/p>\n<p>\u00ab\u00a0En raison de la proximit\u00e9 de notre prochaine audience \u00e0 Londres avec la premi\u00e8re date de la tourn\u00e9e, et alors que le gouvernement britannique poursuit sa chasse aux sorci\u00e8res, nous sommes contraints d&rsquo;annuler les quinze dates de notre tourn\u00e9e am\u00e9ricaine pr\u00e9vue en octobre\u00a0\u00bb, a indiqu\u00e9 le groupe sur X.<\/p>\n<p>\u00ab\u00a0Mais une fois que nous aurons gagn\u00e9 notre proc\u00e8s, ce qui sera le cas, nous promettons d&rsquo;entamer une tourn\u00e9e encore plus importante pour tous nos fans\u00a0\u00bb, ajoute le communiqu\u00e9 publi\u00e9 par Kneecap sur les r\u00e9seaux sociaux.<\/p>\n<p>Contenu externe<\/p>\n<p> Ce contenu externe ne peut pas \u00eatre affich\u00e9 car il est susceptible de collecter des donn\u00e9es personnelles. Pour voir ce contenu vous devez autoriser la cat\u00e9gorie <strong>R\u00e9seaux sociaux<\/strong>. <\/p>\n<p> Accepter Plus d&rsquo;info <\/p>\n<p>    Couvert d&rsquo;un drapeau du Hezbollah<\/p>\n<p>L&rsquo;un des trois membres du groupe, Liam Og O Hannaidh dit Mo Chara, est poursuivi pour \u00ab\u00a0infraction terroriste\u00a0\u00bb apr\u00e8s s&rsquo;\u00eatre couvert, lors d&rsquo;un concert \u00e0 Londres en 2024, d&rsquo;un drapeau du Hezbollah. Ce mouvement islamiste libanais pro-iranien, ennemi jur\u00e9 d&rsquo;Isra\u00ebl et soutien du Hamas palestinien, est class\u00e9 terroriste au Royaume-Uni.<\/p>\n<p>Soutenu par des centaines de partisans, Mo Chara a comparu mercredi dans la capitale britannique puis est reparti libre, la d\u00e9cision \u00e9tant ajourn\u00e9e au 26 septembre. Ces d\u00e9m\u00eal\u00e9s judiciaires n&rsquo;avaient jusque-l\u00e0 gu\u00e8re emp\u00each\u00e9 Kneecap de poursuivre sa tourn\u00e9e \u00e0 guichets ferm\u00e9s, comme \u00e0 Glastonbury fin juin, o\u00f9 il avait accus\u00e9 Isra\u00ebl d&rsquo;\u00eatre un Etat \u00ab\u00a0criminel de guerre\u00a0\u00bb.<\/p>\n<p>Priv\u00e9 du festival Sziget de Budapest, apr\u00e8s une interdiction d&rsquo;entr\u00e9e sur le territoire par le gouvernement hongrois, proche alli\u00e9 d&rsquo;Isra\u00ebl, Kneecap a donn\u00e9 dimanche dernier un concert sous haute surveillance au festival Rock en Seine \u00e0 Saint-Cloud (ouest de Paris), o\u00f9 il a de nouveau critiqu\u00e9 la politique isra\u00e9lienne \u00e0 Gaza. Dans ce contexte, la ville de Saint-Cloud a retir\u00e9 sa subvention de 40&rsquo;000 euros au festival, une premi\u00e8re, et la r\u00e9gion Ile-de-France a \u00e9galement annul\u00e9 ses aides pour l&rsquo;\u00e9dition 2025.<\/p>\n<p>Un documentaire prim\u00e9 \u00e0 Sundance<\/p>\n<p>Le trio nord-irlandais a acc\u00e9d\u00e9 \u00e0 la notori\u00e9t\u00e9 en 2024 avec son album \u00ab\u00a0Fine Art\u00a0\u00bb et un docu-fiction survolt\u00e9, \u00ab\u00a0Kneecap\u00a0\u00bb. Prim\u00e9 notamment au festival du film de Sundance, aux Etats-Unis, ce film est sorti en France et en Suisse en juin.<\/p>\n<p>Contenu externe<\/p>\n<p> Ce contenu externe ne peut pas \u00eatre affich\u00e9 car il est susceptible de collecter des donn\u00e9es personnelles. Pour voir ce contenu vous devez autoriser la cat\u00e9gorie <strong>R\u00e9seaux sociaux<\/strong>. <\/p>\n<p> Accepter Plus d&rsquo;info <\/p>\n<p>Fond\u00e9 en 2017, Kneecap chante souvent en ga\u00e9lique et d\u00e9fend la r\u00e9unification de l&rsquo;Irlande. Il consid\u00e8re sa langue comme un cri \u00ab\u00a0anticolonialiste\u00a0\u00bb face \u00e0 la puissance britannique. Le nom du groupe (kneecap veut dire rotule en anglais) vient de la pratique des groupes paramilitaires qui tiraient sur leurs victimes au niveau des genoux pendant le conflit nord-irlandais.<\/p>\n<p class=\"sources\">afp\/mh<\/p>\n","protected":false},"excerpt":{"rendered":"Le groupe de rappeurs nord-irlandais Kneecap, dont l&rsquo;un des membres est poursuivi par la justice britannique pour soutien&hellip;\n","protected":false},"author":2,"featured_media":344911,"comment_status":"","ping_status":"","sticky":false,"template":"","format":"standard","meta":{"footnotes":""},"categories":[1355],"tags":[58,59,1011,27,1361,873,1698],"class_list":{"0":"post-344910","1":"post","2":"type-post","3":"status-publish","4":"format-standard","5":"has-post-thumbnail","7":"category-musique","8":"tag-divertissement","9":"tag-entertainment","10":"tag-fr","11":"tag-france","12":"tag-music","13":"tag-musique","14":"tag-musiques"},"share_on_mastodon":{"url":"https:\/\/pubeurope.com\/@fr\/115094524051755688","error":""},"_links":{"self":[{"href":"https:\/\/www.europesays.com\/fr\/wp-json\/wp\/v2\/posts\/344910","targetHints":{"allow":["GET"]}}],"collection":[{"href":"https:\/\/www.europesays.com\/fr\/wp-json\/wp\/v2\/posts"}],"about":[{"href":"https:\/\/www.europesays.com\/fr\/wp-json\/wp\/v2\/types\/post"}],"author":[{"embeddable":true,"href":"https:\/\/www.europesays.com\/fr\/wp-json\/wp\/v2\/users\/2"}],"replies":[{"embeddable":true,"href":"https:\/\/www.europesays.com\/fr\/wp-json\/wp\/v2\/comments?post=344910"}],"version-history":[{"count":0,"href":"https:\/\/www.europesays.com\/fr\/wp-json\/wp\/v2\/posts\/344910\/revisions"}],"wp:featuredmedia":[{"embeddable":true,"href":"https:\/\/www.europesays.com\/fr\/wp-json\/wp\/v2\/media\/344911"}],"wp:attachment":[{"href":"https:\/\/www.europesays.com\/fr\/wp-json\/wp\/v2\/media?parent=344910"}],"wp:term":[{"taxonomy":"category","embeddable":true,"href":"https:\/\/www.europesays.com\/fr\/wp-json\/wp\/v2\/categories?post=344910"},{"taxonomy":"post_tag","embeddable":true,"href":"https:\/\/www.europesays.com\/fr\/wp-json\/wp\/v2\/tags?post=344910"}],"curies":[{"name":"wp","href":"https:\/\/api.w.org\/{rel}","templated":true}]}}