{"id":344912,"date":"2025-08-26T10:10:11","date_gmt":"2025-08-26T10:10:11","guid":{"rendered":"https:\/\/www.europesays.com\/fr\/344912\/"},"modified":"2025-08-26T10:10:11","modified_gmt":"2025-08-26T10:10:11","slug":"le-youtubeur-mister-v-devoile-la-bande-annonce-dejantee-de-son-film-mcwalter","status":"publish","type":"post","link":"https:\/\/www.europesays.com\/fr\/344912\/","title":{"rendered":"Le youtubeur Mister V d\u00e9voile la bande-annonce d\u00e9jant\u00e9e de son film McWalter"},"content":{"rendered":"<p><strong>VID\u00c9O\u00a0&#8211;<\/strong>\u00a0Le vid\u00e9aste d\u00e9croche son premier r\u00f4le principal dans cette com\u00e9die d\u2019action inspir\u00e9e du personnage qu\u2019il a popularis\u00e9 il y a une dizaine d\u2019ann\u00e9es sur Internet.<\/p>\n<p class=\"fig-paragraph\">Un m\u00e9lange d\u2019humour et d\u2019action. Le vid\u00e9aste Yvick Letexier, dit\u00a0<a href=\"https:\/\/www.lefigaro.fr\/medias\/de-grenoble-a-hollywood-mister-v-l-influenceur-cameleon-20230803\" data-fig-type=\"Article\" data-gtm-custom-categorie=\"navigation\" data-gtm-custom-action=\"crossclick\" data-gtm-custom-label=\"Contextuel\" data-gtm-event=\"customEventSPE\" data-fig-domain=\"LEFIGARO\" target=\"_blank\" rel=\"noopener\">Mister V,<\/a>\u00a0connu pour ses sketchs sur YouTube et ses talents de rappeur, a d\u00e9voil\u00e9 lundi la bande-annonce du film McWalter, dans lequel il tient le r\u00f4le-titre aux c\u00f4t\u00e9s de\u00a0<a href=\"http:\/\/www.lefigaro.fr\/decideurs\/portraits\/j-ai-rarement-ete-le-premier-choix-des-realisateurs-geraldine-nakache-du-rire-malgre-les-larmes-20241022\" data-fig-type=\"Article\" data-gtm-custom-categorie=\"navigation\" data-gtm-custom-action=\"crossclick\" data-gtm-custom-label=\"Contextuel\" data-gtm-event=\"customEventSPE\" data-fig-domain=\"LEFIGARO\" target=\"_blank\" rel=\"noopener\">G\u00e9raldine Nakache<\/a>,\u00a0<a href=\"http:\/\/www.lefigaro.fr\/musique\/vincent-dedienne-se-lance-dans-la-musique-et-annonce-la-sortie-de-son-premier-disque-20250524\" data-fig-type=\"NewsFlash\" data-gtm-custom-categorie=\"navigation\" data-gtm-custom-action=\"crossclick\" data-gtm-custom-label=\"Contextuel\" data-gtm-event=\"customEventSPE\" data-fig-domain=\"LEFIGARO\" target=\"_blank\" rel=\"noopener\">Vincent Dedienne<\/a>,\u00a0<a href=\"http:\/\/www.lefigaro.fr\/arts-expositions\/francois-berleand-parrain-du-festival-du-dessin-d-arles-j-ai-toujours-eu-un-rapport-fort-a-la-peinture-20250410\" data-fig-type=\"Article\" data-gtm-custom-categorie=\"navigation\" data-gtm-custom-action=\"crossclick\" data-gtm-custom-label=\"Contextuel\" data-gtm-event=\"customEventSPE\" data-fig-domain=\"LEFIGARO\" target=\"_blank\" rel=\"noopener\">Fran\u00e7ois Berl\u00e9and<\/a>\u00a0et\u00a0<a href=\"https:\/\/www.lefigaro.fr\/theatre\/william-lebghil-l-art-du-contre-pied-20190911\" data-fig-type=\"Article\" data-gtm-custom-categorie=\"navigation\" data-gtm-custom-action=\"crossclick\" data-gtm-custom-label=\"Contextuel\" data-gtm-event=\"customEventSPE\" data-fig-domain=\"LEFIGARO\" target=\"_blank\" rel=\"noopener\">William Lebghil<\/a>. Le long-m\u00e9trage du r\u00e9alisateur\u00a0<a href=\"https:\/\/www.lefigaro.fr\/sortir-paris\/les-adresses-preferees-de-simon-astier-20220125\" data-fig-type=\"Article\" data-gtm-custom-categorie=\"navigation\" data-gtm-custom-action=\"crossclick\" data-gtm-custom-label=\"Contextuel\" data-gtm-event=\"customEventSPE\" data-fig-domain=\"LEFIGARO\" target=\"_blank\" rel=\"noopener\">Simon Astier<\/a>, fr\u00e8re d\u2019<a href=\"http:\/\/www.lefigaro.fr\/cinema\/kaamelott-2-alexandre-astier-nous-dit-tout-sur-les-deux-prochains-volets-20250808\" data-fig-type=\"NewsFlash\" data-gtm-custom-categorie=\"navigation\" data-gtm-custom-action=\"crossclick\" data-gtm-custom-label=\"Contextuel\" data-gtm-event=\"customEventSPE\" data-fig-domain=\"LEFIGARO\" target=\"_blank\" rel=\"noopener\">Alexandre Astier<\/a>, sortira le 12 septembre prochain sur la plateforme de streaming Amazon Prime Video.<\/p>\n<p class=\"fig-paragraph\">Sur les premi\u00e8res images, McWalter, le serial killer popularis\u00e9 il y a une dizaine d\u2019ann\u00e9es par Mister V sur ses r\u00e9seaux sociaux, appara\u00eet comme \u00ab\u00a0l\u2019ennemi public num\u00e9ro un\u00a0\u00bb. Il est accus\u00e9 d\u2019avoir particip\u00e9 aux explosions de plusieurs sites \u00e0 P\u00e9kin, ou encore au V\u00e9n\u00e9zuela, o\u00f9 ses empreintes de pied ont \u00e9t\u00e9 retrouv\u00e9es. Seulement, ces diff\u00e9rents crimes ne sont pas de lui. Une autre personne veut lui faire porter le chapeau. Pour retrouver sa vie d\u2019avant, o\u00f9 il \u00e9tait consid\u00e9r\u00e9 comme un h\u00e9ros, McWalter doit alors changer d\u2019identit\u00e9&#8230;<\/p>\n<p>                                    <a class=\"fig-a11y-skip a11y-hidden\" href=\"#fig-a11y-skip-main-inarticle\"><br \/>\n        Passer la publicit\u00e9<br \/>\n    <\/a><\/p>\n<p class=\"fig-paragraph\">\u00ab\u00a0L\u2019agent secret le moins secret du monde\u00a0\u00bb, comme le pr\u00e9sente G\u00e9raldine Nakache dans son r\u00f4le de polici\u00e8re, multiplie les bagarres pour garder sa couverture. Des sc\u00e8nes d\u2019explosions et d\u2019\u00e9changes de coups de feu sont au rendez-vous dans le long-m\u00e9trage. \u00ab\u00a0Je suis McWalter, tout le monde me conna\u00eet\u00a0\u00bb, dit Mister V en cl\u00f4ture de la bande-annonce qui fait un tabac sur les r\u00e9seaux sociaux depuis hier. \u00ab\u00a0J\u2019ai pos\u00e9 mon 12 septembre\u00a0\u00bb, a \u00e9crit\u00a0<a href=\"https:\/\/www.lefigaro.fr\/musique\/2013\/06\/20\/03006-20130620ARTFIG00454-daft-punk-voyage-dans-le-temps-avec-pv-nova.php\" data-fig-type=\"Article\" data-gtm-custom-categorie=\"navigation\" data-gtm-custom-action=\"crossclick\" data-gtm-custom-label=\"Contextuel\" data-gtm-event=\"customEventSPE\" data-fig-domain=\"LEFIGARO\" target=\"_blank\" rel=\"noopener\">PV Nova<\/a>, un de ses homologues sur YouTube. \u00ab\u00a0Le retour des vrais films dr\u00f4les\u00a0\u00bb, \u00e9crit un internaute. \u00ab\u00a0Qu\u2019est-ce qu\u2019il est dr\u00f4le ce mec\u00a0\u00bb, ajoute un autre.<\/p>\n<p class=\"fig-body-link\">\n            \u00c0 lire aussi<br \/>\n        <a class=\"fig-body-link__link fig-premium-mark\" href=\"http:\/\/www.lefigaro.fr\/cinema\/les-influenceurs-a-la-rescousse-du-cinema-la-nouvelle-potion-magique-20250604\" target=\"_blank\" data-fig-type=\"Article\" rel=\"noopener\" data-gtm-custom-categorie=\"navigation\" data-gtm-custom-action=\"crossclick\" data-gtm-custom-label=\"Contextuel\" data-gtm-event=\"customEventSPE\" data-fig-domain=\"LEFIGARO\">Les influenceurs \u00e0 la rescousse du cin\u00e9ma, la nouvelle potion magique\u00a0?<br \/>\n    <\/a>\n<\/p>\n<p class=\"fig-paragraph\">Avec McWalter, Mister V d\u00e9croche son premier r\u00f4le en tant qu\u2019acteur principal. Ces derni\u00e8res ann\u00e9es, il a effectu\u00e9 plusieurs cam\u00e9os dans Camping 3 (2016), Pattaya (2016), Place Publique (2018), All Inclusive (2019), ou encore Banger (2025). Le vid\u00e9aste a aussi pr\u00eat\u00e9 sa voix \u00e0 Mirage dans le dernier film de la franchise Transformers en 2023. En plus de sa passion pour le cin\u00e9ma, Yvick Letexier est \u00e9galement\u00a0<a href=\"https:\/\/www.lefigaro.fr\/culture\/pnl-et-mister-v-rois-francais-de-youtube-qui-sort-son-rewind-annnuel-20191206\" data-fig-type=\"Article\" data-gtm-custom-categorie=\"navigation\" data-gtm-custom-action=\"crossclick\" data-gtm-custom-label=\"Contextuel\" data-gtm-event=\"customEventSPE\" data-fig-domain=\"LEFIGARO\" target=\"_blank\" rel=\"noopener\">un rappeur confirm\u00e9<\/a>. Il a sorti deux albums en 2017 et 2020 et des collaborations avec des artistes tels que PLK, Gazo ou Jul.<\/p>\n<p class=\"fig-paragraph\"><strong>Bande-annonce de <\/strong><strong>McWalter<\/strong> <strong>\u00a0(2025)<\/strong><\/p>\n","protected":false},"excerpt":{"rendered":"VID\u00c9O\u00a0&#8211;\u00a0Le vid\u00e9aste d\u00e9croche son premier r\u00f4le principal dans cette com\u00e9die d\u2019action inspir\u00e9e du personnage qu\u2019il a popularis\u00e9 il&hellip;\n","protected":false},"author":2,"featured_media":344913,"comment_status":"","ping_status":"","sticky":false,"template":"","format":"standard","meta":{"footnotes":""},"categories":[1354],"tags":[1409,58,59,1346,1011,27,1360,2784],"class_list":{"0":"post-344912","1":"post","2":"type-post","3":"status-publish","4":"format-standard","5":"has-post-thumbnail","7":"category-films","8":"tag-bande-annonce","9":"tag-divertissement","10":"tag-entertainment","11":"tag-films","12":"tag-fr","13":"tag-france","14":"tag-movies","15":"tag-youtube"},"share_on_mastodon":{"url":"https:\/\/pubeurope.com\/@fr\/115094527952115505","error":""},"_links":{"self":[{"href":"https:\/\/www.europesays.com\/fr\/wp-json\/wp\/v2\/posts\/344912","targetHints":{"allow":["GET"]}}],"collection":[{"href":"https:\/\/www.europesays.com\/fr\/wp-json\/wp\/v2\/posts"}],"about":[{"href":"https:\/\/www.europesays.com\/fr\/wp-json\/wp\/v2\/types\/post"}],"author":[{"embeddable":true,"href":"https:\/\/www.europesays.com\/fr\/wp-json\/wp\/v2\/users\/2"}],"replies":[{"embeddable":true,"href":"https:\/\/www.europesays.com\/fr\/wp-json\/wp\/v2\/comments?post=344912"}],"version-history":[{"count":0,"href":"https:\/\/www.europesays.com\/fr\/wp-json\/wp\/v2\/posts\/344912\/revisions"}],"wp:featuredmedia":[{"embeddable":true,"href":"https:\/\/www.europesays.com\/fr\/wp-json\/wp\/v2\/media\/344913"}],"wp:attachment":[{"href":"https:\/\/www.europesays.com\/fr\/wp-json\/wp\/v2\/media?parent=344912"}],"wp:term":[{"taxonomy":"category","embeddable":true,"href":"https:\/\/www.europesays.com\/fr\/wp-json\/wp\/v2\/categories?post=344912"},{"taxonomy":"post_tag","embeddable":true,"href":"https:\/\/www.europesays.com\/fr\/wp-json\/wp\/v2\/tags?post=344912"}],"curies":[{"name":"wp","href":"https:\/\/api.w.org\/{rel}","templated":true}]}}