{"id":344914,"date":"2025-08-26T10:11:11","date_gmt":"2025-08-26T10:11:11","guid":{"rendered":"https:\/\/www.europesays.com\/fr\/344914\/"},"modified":"2025-08-26T10:11:11","modified_gmt":"2025-08-26T10:11:11","slug":"maladie-de-crohn-intestin-irritable-intolerance-au-gluten-les-maladies-chroniques-intestinales-augmentent-elles-le-risque-de-cancer","status":"publish","type":"post","link":"https:\/\/www.europesays.com\/fr\/344914\/","title":{"rendered":"Maladie de Crohn, intestin irritable, intol\u00e9rance au gluten&#8230; Les maladies chroniques intestinales augmentent-elles le risque de cancer ?"},"content":{"rendered":"<p>    Depuis le si\u00e8cle dernier, les maladies inflammatoires chroniques de l\u2019intestin ont vu leur incidence fortement augmenter dans les soci\u00e9t\u00e9s occidentales.<br \/>\n                Witoon &#8211; stock.adobe.com<\/p>\n<p><strong>D\u00c9CRYPTAGE &#8211; <\/strong>Fr\u00e9quentes et souvent invalidantes, ces pathologies suscitent de nombreuses inqui\u00e9tudes. Parmi elles, celle d\u2019un possible risque accru de cancer.<\/p>\n<p class=\"fig-paragraph\">C\u2019est l\u2019une des inqui\u00e9tudes les plus fr\u00e9quentes chez les patients atteints d\u2019une maladie chronique de l\u2019intestin\u00a0: y a-t-il, \u00e0 terme, davantage de risques de d\u00e9velopper un cancer colorectal\u00a0? En France, cette question cruciale concerne des millions de personnes. Environ 300\u00a0000 souffrent d\u2019une maladie inflammatoire chronique intestinale (<a href=\"http:\/\/sante.lefigaro.fr\/medecine\/douleurs-diarrhees-et-inflammation-les-secrets-de-l-alimentation-pour-eviter-la-maladie-de-crohn-20250718\" target=\"_blank\" data-fig-type=\"Article\" rel=\"noopener\" data-gtm-custom-categorie=\"navigation\" data-gtm-custom-action=\"crossclick\" data-gtm-custom-label=\"Contextuel\" data-gtm-event=\"customEventSPE\" data-fig-domain=\"SANTE\">maladie de Crohn<\/a>\u00a0ou\u00a0<a href=\"https:\/\/sante.lefigaro.fr\/sante\/maladie\/recto-colite-hemorragique\/quels-traitements-medicamenteux\" target=\"_blank\" data-fig-type=\"Keyword\" rel=\"sponsored noopener\" data-gtm-custom-categorie=\"navigation\" data-gtm-custom-action=\"crossclick\" data-gtm-custom-label=\"Contextuel\" data-gtm-event=\"customEventSPE\" data-fig-domain=\"SANTE\">rectocolite h\u00e9morragique<\/a>), et pas moins de 3\u00a0millions sont atteintes du\u00a0<a href=\"http:\/\/www.lefigaro.fr\/sciences\/maux-de-ventre-transit-perturbe-ballonnements-que-faire-face-au-syndrome-de-l-intestin-irritable-20221031\" data-fig-type=\"Article\" data-gtm-custom-categorie=\"navigation\" data-gtm-custom-action=\"crossclick\" data-gtm-custom-label=\"Contextuel\" data-gtm-event=\"customEventSPE\" data-fig-domain=\"LEFIGARO\" target=\"_blank\" rel=\"noopener\">syndrome de l\u2019intestin irritable<\/a>. Quant \u00e0\u00a0<a href=\"http:\/\/www.lefigaro.fr\/sciences\/maux-de-ventre-carences-perte-de-poids-gare-a-l-intolerance-au-gluten-20211001\" target=\"_blank\" data-fig-type=\"Article\" rel=\"noopener\" data-gtm-custom-categorie=\"navigation\" data-gtm-custom-action=\"crossclick\" data-gtm-custom-label=\"Contextuel\" data-gtm-event=\"customEventSPE\" data-fig-domain=\"LEFIGARO\">la maladie c\u0153liaque<\/a>, provoqu\u00e9e par une intol\u00e9rance au gluten, elle concernerait entre 300\u00a0000 et 600\u00a0000 personnes en France.<\/p>\n<p class=\"fig-paragraph\">Si ces maladies ont en commun de se manifester par des douleurs au ventre et des troubles du transit, elles ne partagent pas les m\u00eames causes et ne pr\u00e9sentent donc pas les m\u00eames risques. Prenons la plus fr\u00e9quente\u00a0: le syndrome de l\u2019intestin irritable. \u00ab\u00a0Les patients sont tr\u00e8s angoiss\u00e9s par rapport au risque de cancer car ils ont mal au ventre tout le temps\u00a0\u00bb, rapporte le Dr Pauline\u2026<\/p>\n<p class=\"fig-premium-paywall__infos\">\n        Cet article est r\u00e9serv\u00e9 aux abonn\u00e9s.        Il vous reste 87% \u00e0 d\u00e9couvrir.\n    <\/p>\n<p>                <img  data- alt=\"Le Figaro\" class=\"fig-img--complete fig-img\"\/><\/p>\n<p class=\"fig-premium-paywall__title\">Vente Flash<\/p>\n<p class=\"fig-premium-paywall__subtitle\">4,99\u20ac par mois pendant 12 mois. Sans engagement<\/p>\n<p class=\"fig-premium-paywall__connect\">\n                D\u00e9j\u00e0 abonn\u00e9\u00a0?                <a class=\"fig-premium-paywall__connect-link\" href=\"https:\/\/connect.lefigaro.fr\/login?client=sante_web&amp;type=main&amp;redirect_uri=https%3A%2F%2Fsante.lefigaro.fr%2Fmedecine%2Fmaladie-de-crohn-intestin-irritable-intolerance-au-gluten-les-maladies-chroniques-intestinales-augmentent-elles-le-risque-de-cancer-20250826\" data-js-gtm=\"{&quot;customCategorie&quot;: &quot;conversion&quot;, &quot;customAction&quot;: &quot;before_Landing_Connexion_paywall_auto&quot;, &quot;customLabel&quot;: &quot;c2FudGUubGVmaWdhcm8uZnJfXzFmMDcxZGU2LTU0ZGMtNjU0YS1iOWI3LTMxYWI3Yzk5OGYyNl9fQXJ0aWNsZQ==_Maladie de Crohn, intestin irritable, intol\u00e9rance au gluten... Les maladies chroniques intestinales augmentent-elles le risque de cancer\u00a0?_391&quot;, &quot;customIDSPE&quot;: &quot;c2FudGUubGVmaWdhcm8uZnJfXzFmMDcxZGU2LTU0ZGMtNjU0YS1iOWI3LTMxYWI3Yzk5OGYyNl9fQXJ0aWNsZQ==&quot;, &quot;event&quot;: &quot;customEventSPE&quot;}\" target=\"_blank\" rel=\"noopener\"><br \/>\n                    Connectez-vous<br \/>\n                <\/a>\n            <\/p>\n","protected":false},"excerpt":{"rendered":"Depuis le si\u00e8cle dernier, les maladies inflammatoires chroniques de l\u2019intestin ont vu leur incidence fortement augmenter dans les&hellip;\n","protected":false},"author":2,"featured_media":344915,"comment_status":"","ping_status":"","sticky":false,"template":"","format":"standard","meta":{"footnotes":""},"categories":[10],"tags":[48110,1011,27,72,39592,48111,48109,71],"class_list":{"0":"post-344914","1":"post","2":"type-post","3":"status-publish","4":"format-standard","5":"has-post-thumbnail","7":"category-sante","8":"tag-cancer-de-lintestin","9":"tag-fr","10":"tag-france","11":"tag-health","12":"tag-maladie-de-crohn","13":"tag-maladie-inflammatoire","14":"tag-rectocolite-hemorragique","15":"tag-sante"},"share_on_mastodon":{"url":"https:\/\/pubeurope.com\/@fr\/115094532325210798","error":""},"_links":{"self":[{"href":"https:\/\/www.europesays.com\/fr\/wp-json\/wp\/v2\/posts\/344914","targetHints":{"allow":["GET"]}}],"collection":[{"href":"https:\/\/www.europesays.com\/fr\/wp-json\/wp\/v2\/posts"}],"about":[{"href":"https:\/\/www.europesays.com\/fr\/wp-json\/wp\/v2\/types\/post"}],"author":[{"embeddable":true,"href":"https:\/\/www.europesays.com\/fr\/wp-json\/wp\/v2\/users\/2"}],"replies":[{"embeddable":true,"href":"https:\/\/www.europesays.com\/fr\/wp-json\/wp\/v2\/comments?post=344914"}],"version-history":[{"count":0,"href":"https:\/\/www.europesays.com\/fr\/wp-json\/wp\/v2\/posts\/344914\/revisions"}],"wp:featuredmedia":[{"embeddable":true,"href":"https:\/\/www.europesays.com\/fr\/wp-json\/wp\/v2\/media\/344915"}],"wp:attachment":[{"href":"https:\/\/www.europesays.com\/fr\/wp-json\/wp\/v2\/media?parent=344914"}],"wp:term":[{"taxonomy":"category","embeddable":true,"href":"https:\/\/www.europesays.com\/fr\/wp-json\/wp\/v2\/categories?post=344914"},{"taxonomy":"post_tag","embeddable":true,"href":"https:\/\/www.europesays.com\/fr\/wp-json\/wp\/v2\/tags?post=344914"}],"curies":[{"name":"wp","href":"https:\/\/api.w.org\/{rel}","templated":true}]}}