{"id":344916,"date":"2025-08-26T10:12:16","date_gmt":"2025-08-26T10:12:16","guid":{"rendered":"https:\/\/www.europesays.com\/fr\/344916\/"},"modified":"2025-08-26T10:12:16","modified_gmt":"2025-08-26T10:12:16","slug":"kylian-mbappe-au-coeur-dun-nouveau-scandale","status":"publish","type":"post","link":"https:\/\/www.europesays.com\/fr\/344916\/","title":{"rendered":"Kylian Mbapp\u00e9 au c\u0153ur d\u2019un nouveau scandale"},"content":{"rendered":"<p><strong>Auteur d\u2019un doubl\u00e9, dimanche,<br \/>\nface \u00e0 Oviedo, Kylian Mbapp\u00e9 a \u00e9t\u00e9 la cible de cris racistes comme<br \/>\nson co\u00e9quipier Vinicius.<\/strong><\/p>\n<p>Kylian Mbapp\u00e9 est \u00e0 la f\u00eate en ce d\u00e9but de saison. Auteur du<br \/>\nseul but du match le week-end pr\u00e9c\u00e9dent lors de la victoire<br \/>\nminimaliste du Real Madrid contre Osasuna, l\u2019attaquant tricolore a<br \/>\nremis \u00e7a ce dimanche contre Oviedo. Apr\u00e8s avoir ouvert le score peu<br \/>\napr\u00e8s la demi-heure de jeu, l\u2019ancien Parisien s\u2019est m\u00eame offert un<br \/>\ndoubl\u00e9 en fin de match sur un service de Vinicius.<\/p>\n<p>Le virus dont a \u00e9t\u00e9 victime le Bondynois lors de la Coupe du<br \/>\nmonde des clubs et qui lui avait valu une br\u00e8s hospitalisation<br \/>\nsemble oubli\u00e9. \u00ab\u00a0Il a repris quatre kilos, a<br \/>\nd\u2019ailleurs confi\u00e9 Xabi Alonso \u00e0 son sujet. Il en avait perdu<br \/>\nquatre pendant la Coupe du monde des clubs. Il se sent bien et cela<br \/>\nse voit. Il est motiv\u00e9 et connect\u00e9 \u00e0 l\u2019\u00e9quipe, il a de l\u2019influence<br \/>\ndans le jeu. J\u2019ai beaucoup aim\u00e9 le voir permuter, changer de<br \/>\npositions et \u00eatre impliqu\u00e9 en d\u00e9fense de cette mani\u00e8re.<br \/>\n\u00bb\u00a0<\/p>\n<blockquote class=\"twitter-tweet\"><p><a class=\"twitter-link\" rel=\"noindex, nofollow noopener\" href=\"https:\/\/twitter.com\/sports_fr\/status\/1959876309674258646\" target=\"_blank\"><\/p><\/blockquote>\n<p>La soir\u00e9e a n\u00e9anmoins laiss\u00e9 un go\u00fbt amer en bouche de Kylian<br \/>\nMbapp\u00e9. Cons\u00e9quence des cris racistes dont il a \u00e9t\u00e9 l\u2019objet de la<br \/>\npart du public d\u2019Oviedo au m\u00eame titre que son partenaire Vinicius,<br \/>\nmalheureusement coutumier du fait. Les cam\u00e9ras de la t\u00e9l\u00e9vision<br \/>\nespagnole ont d\u2019ailleurs capt\u00e9 des images \u00e9difiantes, diffus\u00e9es<br \/>\ndans l\u2019\u00e9mission El Dia Despues.<\/p>\n<p>De la prison pour certains supporters<\/p>\n<p>La s\u00e9quence montre notamment deux supporters plac\u00e9s dans deux<br \/>\ntribunes diff\u00e9rentes entonner des \u00ab\u00a0uh, uh, uh \u00bb<br \/>\napr\u00e8s le premier but inscrit par Kylian Mbapp\u00e9 puis au moment de<br \/>\nl\u2019entr\u00e9e en jeu de Vinicius \u00e0 l\u2019heure de jeu. Le Br\u00e9silien,<br \/>\nforc\u00e9ment marqu\u00e9 par cet accueil, n\u2019avait d\u2019ailleurs pas manqu\u00e9 de<br \/>\nchambrer le public en retour apr\u00e8s son but dans le temps<br \/>\nadditionnel.<\/p>\n<p>R\u00e9cemment, cinq supporters de Valladolid ont pourtant \u00e9t\u00e9<br \/>\ncondamn\u00e9s \u00e0 un an de prison pour avoir trait\u00e9 Vinicius de<br \/>\n\u00ab\u00a0sale n\u00e8gre\u00a0\u00bb. Et \u00e0 Madrid, trois fans ont \u00e9galement \u00e9t\u00e9<br \/>\narr\u00eat\u00e9s pour avoir lanc\u00e9 \u00a0des insultes racistes \u00e0 destination<br \/>\nde de Lamine Yamal et Raphinha.<\/p>\n<p><script async src=\"https:\/\/platform.twitter.com\/widgets.js\" charset=\"utf-8\"><\/script><\/p>\n","protected":false},"excerpt":{"rendered":"Auteur d\u2019un doubl\u00e9, dimanche, face \u00e0 Oviedo, Kylian Mbapp\u00e9 a \u00e9t\u00e9 la cible de cris racistes comme son&hellip;\n","protected":false},"author":2,"featured_media":344917,"comment_status":"","ping_status":"","sticky":false,"template":"","format":"standard","meta":{"footnotes":""},"categories":[9],"tags":[1011,27,60],"class_list":{"0":"post-344916","1":"post","2":"type-post","3":"status-publish","4":"format-standard","5":"has-post-thumbnail","7":"category-sports","8":"tag-fr","9":"tag-france","10":"tag-sports"},"share_on_mastodon":{"url":"https:\/\/pubeurope.com\/@fr\/115094535746628066","error":""},"_links":{"self":[{"href":"https:\/\/www.europesays.com\/fr\/wp-json\/wp\/v2\/posts\/344916","targetHints":{"allow":["GET"]}}],"collection":[{"href":"https:\/\/www.europesays.com\/fr\/wp-json\/wp\/v2\/posts"}],"about":[{"href":"https:\/\/www.europesays.com\/fr\/wp-json\/wp\/v2\/types\/post"}],"author":[{"embeddable":true,"href":"https:\/\/www.europesays.com\/fr\/wp-json\/wp\/v2\/users\/2"}],"replies":[{"embeddable":true,"href":"https:\/\/www.europesays.com\/fr\/wp-json\/wp\/v2\/comments?post=344916"}],"version-history":[{"count":0,"href":"https:\/\/www.europesays.com\/fr\/wp-json\/wp\/v2\/posts\/344916\/revisions"}],"wp:featuredmedia":[{"embeddable":true,"href":"https:\/\/www.europesays.com\/fr\/wp-json\/wp\/v2\/media\/344917"}],"wp:attachment":[{"href":"https:\/\/www.europesays.com\/fr\/wp-json\/wp\/v2\/media?parent=344916"}],"wp:term":[{"taxonomy":"category","embeddable":true,"href":"https:\/\/www.europesays.com\/fr\/wp-json\/wp\/v2\/categories?post=344916"},{"taxonomy":"post_tag","embeddable":true,"href":"https:\/\/www.europesays.com\/fr\/wp-json\/wp\/v2\/tags?post=344916"}],"curies":[{"name":"wp","href":"https:\/\/api.w.org\/{rel}","templated":true}]}}