{"id":344918,"date":"2025-08-26T10:13:09","date_gmt":"2025-08-26T10:13:09","guid":{"rendered":"https:\/\/www.europesays.com\/fr\/344918\/"},"modified":"2025-08-26T10:13:09","modified_gmt":"2025-08-26T10:13:09","slug":"lukraine-denonce-la-participation-de-woody-allen-a-un-festival-russe","status":"publish","type":"post","link":"https:\/\/www.europesays.com\/fr\/344918\/","title":{"rendered":"l\u2019Ukraine d\u00e9nonce la participation de Woody Allen \u00e0 un festival russe"},"content":{"rendered":"<p>La visioconf\u00e9rence du r\u00e9alisateur am\u00e9ricain donn\u00e9e lors de la Semaine du Film \u00e0 Moscou a \u00e9t\u00e9 vivement critiqu\u00e9e par le ministre des affaires \u00e9trang\u00e8res ukrainien.<\/p>\n<p class=\"fig-paragraph\"><a href=\"http:\/\/www.lefigaro.fr\/international\/guerre-en-ukraine-la-russie-a-fait-d-importantes-concessions-a-donald-trump-affirme-jd-vance-20250824\" data-fig-type=\"NewsFlash\" data-gtm-custom-categorie=\"navigation\" data-gtm-custom-action=\"crossclick\" data-gtm-custom-label=\"Contextuel\" data-gtm-event=\"customEventSPE\" data-fig-domain=\"LEFIGARO\" target=\"_blank\" rel=\"noopener\">L&rsquo;Ukraine\u00a0<\/a>a d\u00e9nonc\u00e9 lundi 25 ao\u00fbt la participation par visioconf\u00e9rence du\u00a0<a href=\"http:\/\/www.lefigaro.fr\/cinema\/sean-penn-se-dit-pret-a-jouer-sans-hesiter-pour-woody-allen-20250518\" data-fig-type=\"Article\" data-gtm-custom-categorie=\"navigation\" data-gtm-custom-action=\"crossclick\" data-gtm-custom-label=\"Contextuel\" data-gtm-event=\"customEventSPE\" data-fig-domain=\"LEFIGARO\" target=\"_blank\" rel=\"noopener\">c\u00e9l\u00e8bre r\u00e9alisateur am\u00e9ricain Woody Allen<\/a>\u00a0\u00e0 un\u00a0<a href=\"http:\/\/www.lefigaro.fr\/cinema\/le-festival-du-film-francophone-d-angouleme-prend-l-accent-quebecois-20250822\" data-fig-type=\"Article\" data-gtm-custom-categorie=\"navigation\" data-gtm-custom-action=\"crossclick\" data-gtm-custom-label=\"Contextuel\" data-gtm-event=\"customEventSPE\" data-fig-domain=\"LEFIGARO\" target=\"_blank\" rel=\"noopener\">festival de cin\u00e9ma<\/a>\u00a0de Moscou, estimant qu&rsquo;il s&rsquo;agissait d&rsquo;une \u00ab\u00a0insulte\u00a0\u00bb aux victimes de\u00a0<a href=\"http:\/\/www.lefigaro.fr\/musique\/mise-au-ban-apres-l-invasion-de-l-ukraine-la-soprano-russe-anna-netrebko-fait-son-retour-a-orange-20250523\" data-fig-type=\"Article\" data-gtm-custom-categorie=\"navigation\" data-gtm-custom-action=\"crossclick\" data-gtm-custom-label=\"Contextuel\" data-gtm-event=\"customEventSPE\" data-fig-domain=\"LEFIGARO\" target=\"_blank\" rel=\"noopener\">l&rsquo;invasion russe<\/a>. Le cin\u00e9aste, \u00e2g\u00e9 de 89 ans, mis au ban par une partie du milieu du cin\u00e9ma am\u00e9ricain depuis qu\u2019il a \u00e9t\u00e9 accus\u00e9<a href=\"http:\/\/www.lefigaro.fr\/cinema\/scandales-familiaux-detectives-prives-metoo-comment-woody-allen-est-devenu-le-paria-d-hollywood-20240817\" data-fig-type=\"Article\" data-gtm-custom-categorie=\"navigation\" data-gtm-custom-action=\"crossclick\" data-gtm-custom-label=\"Contextuel\" data-gtm-event=\"customEventSPE\" data-fig-domain=\"LEFIGARO\" target=\"_blank\" rel=\"noopener\">\u00a0d&rsquo;agression sexuelle sur sa fille adoptive<\/a>, s&rsquo;est exprim\u00e9 dimanche lors d&rsquo;un \u00e9v\u00e9nement en ligne de la Semaine du film international de\u00a0<a href=\"http:\/\/www.lefigaro.fr\/international\/le-president-sud-africain-plaide-pour-une-rencontre-en-urgence-entre-kiev-et-moscou-apres-un-appel-avec-volodymyr-zelensky-20250823\" data-fig-type=\"NewsFlash\" data-gtm-custom-categorie=\"navigation\" data-gtm-custom-action=\"crossclick\" data-gtm-custom-label=\"Contextuel\" data-gtm-event=\"customEventSPE\" data-fig-domain=\"LEFIGARO\" target=\"_blank\" rel=\"noopener\">Moscou<\/a>.<\/p>\n<p class=\"fig-paragraph\">Le minist\u00e8re ukrainien des Affaires \u00e9trang\u00e8res a estim\u00e9 que sa participation constituait \u00ab\u00a0une honte et une insulte au sacrifice des acteurs et\u00a0<a href=\"http:\/\/www.lefigaro.fr\/cinema\/michel-hazanavicius-les-ukrainiens-c-est-nous-mais-en-guerre-20230919\" data-fig-type=\"Article\" data-gtm-custom-categorie=\"navigation\" data-gtm-custom-action=\"crossclick\" data-gtm-custom-label=\"Contextuel\" data-gtm-event=\"customEventSPE\" data-fig-domain=\"LEFIGARO\" target=\"_blank\" rel=\"noopener\">cin\u00e9astes ukrainiens<\/a> \u00a0qui ont \u00e9t\u00e9 tu\u00e9s ou bless\u00e9s par des criminels de guerre russes\u00a0\u00bb. Woody Allen \u00ab\u00a0choisit de fermer les yeux sur les atrocit\u00e9s que la Russie commet en Ukraine\u00a0\u00bb, a d\u00e9nonc\u00e9 le minist\u00e8re, estimant que la culture ne devait jamais \u00ab\u00a0\u00eatre utilis\u00e9e pour blanchir des crimes\u00a0\u00bb.<\/p>\n<p>                                    <a class=\"fig-a11y-skip a11y-hidden\" href=\"#fig-a11y-skip-main-inarticle\"><br \/>\n        Passer la publicit\u00e9<br \/>\n    <\/a><\/p>\n<p class=\"fig-paragraph\">L&rsquo;Ukraine, que la Russie a attaqu\u00e9 en f\u00e9vrier 2022, r\u00e9clame l&rsquo;isolement total du pays agresseur sur la sc\u00e8ne internationale, y compris dans les domaines de la\u00a0<a href=\"http:\/\/www.lefigaro.fr\/culture\/roberto-benigni-denonce-les-massacres-d-enfants-en-ukraine-en-israel-et-a-gaza-20250620\" data-fig-type=\"Article\" data-gtm-custom-categorie=\"navigation\" data-gtm-custom-action=\"crossclick\" data-gtm-custom-label=\"Contextuel\" data-gtm-event=\"customEventSPE\" data-fig-domain=\"LEFIGARO\" target=\"_blank\" rel=\"noopener\">culture\u00a0<\/a>et du sport. Kiev d\u00e9nonce syst\u00e9matiquement les participations de personnalit\u00e9s occidentales \u00e0 des \u00e9v\u00e9nements en Russie, qui restent cependant rares depuis le d\u00e9but de la guerre.<\/p>\n<p class=\"fig-paragraph\">La conf\u00e9rence \u00e0 laquelle a particip\u00e9\u00a0<a href=\"http:\/\/www.lefigaro.fr\/cinema\/woody-allen-de-retour-en-septembre-avec-un-roman-en-librairie-20250414\" data-fig-type=\"Article\" data-gtm-custom-categorie=\"navigation\" data-gtm-custom-action=\"crossclick\" data-gtm-custom-label=\"Contextuel\" data-gtm-event=\"customEventSPE\" data-fig-domain=\"LEFIGARO\" target=\"_blank\" rel=\"noopener\">Woody Allen<\/a>\u00a0\u00e9tait organis\u00e9e par le r\u00e9alisateur russe Fiodor Bondartchouk, soutien du\u00a0<a href=\"http:\/\/www.lefigaro.fr\/flash-actu\/c-etait-tres-gentil-de-me-l-envoyer-quand-donald-trump-se-vante-d-avoir-une-photo-de-lui-avec-vladimir-poutine-20250823\" data-fig-type=\"NewsFlash\" data-gtm-custom-categorie=\"navigation\" data-gtm-custom-action=\"crossclick\" data-gtm-custom-label=\"Contextuel\" data-gtm-event=\"customEventSPE\" data-fig-domain=\"LEFIGARO\" target=\"_blank\" rel=\"noopener\">pr\u00e9sident Vladimir Poutine<\/a>. Lors de cette session, Woody Allen a affirm\u00e9 qu&rsquo;il envisagerait de tourner en Russie si cela lui \u00e9tait propos\u00e9, selon l&rsquo;agence de presse d&rsquo;\u00c9tat Ria Novosti. \u00ab\u00a0Si de telles propositions existaient, je m&rsquo;assi\u00e9rais et r\u00e9fl\u00e9chirais \u00e0 un sc\u00e9nario sur le bien-\u00eatre que l&rsquo;on peut ressentir \u00e0 Moscou et \u00e0 Saint-P\u00e9tersbourg\u00a0\u00bb, a-t-il dit.<\/p>\n<p class=\"fig-paragraph\">Selon Ria Novosti, Woody Allen a \u00e9voqu\u00e9 un voyage \u00ab\u00a0pas tr\u00e8s agr\u00e9able\u00a0\u00bb au temps de\u00a0<a href=\"http:\/\/www.lefigaro.fr\/arts-expositions\/ex-union-sovietique-et-russie-contemporaine-deux-generations-de-dissidence-artistique-s-exposent-a-paris-20231224\" data-fig-type=\"NewsFlash\" data-gtm-custom-categorie=\"navigation\" data-gtm-custom-action=\"crossclick\" data-gtm-custom-label=\"Contextuel\" data-gtm-event=\"customEventSPE\" data-fig-domain=\"LEFIGARO\" target=\"_blank\" rel=\"noopener\">l&rsquo;Union sovi\u00e9tique<\/a>, en ajoutant que depuis \u00ab\u00a0tout avait chang\u00e9, la Russie est devenue merveilleuse\u00a0\u00bb. Woody Allen, ma\u00eetre de la com\u00e9die et de la satire sociale, ne tourne quasiment plus aux \u00c9tats-Unis. Il a vu la quasi-totalit\u00e9 de la profession lui tourner le dos en Am\u00e9rique depuis que sa fille adoptive, Dylan Farrow, l&rsquo;accuse de l&rsquo;avoir agress\u00e9e sexuellement lorsqu&rsquo;elle \u00e9tait enfant.<\/p>\n","protected":false},"excerpt":{"rendered":"La visioconf\u00e9rence du r\u00e9alisateur am\u00e9ricain donn\u00e9e lors de la Semaine du Film \u00e0 Moscou a \u00e9t\u00e9 vivement critiqu\u00e9e&hellip;\n","protected":false},"author":2,"featured_media":344919,"comment_status":"","ping_status":"","sticky":false,"template":"","format":"standard","meta":{"footnotes":""},"categories":[8],"tags":[650,251,58,59,1011,27,3482,132,47949],"class_list":{"0":"post-344918","1":"post","2":"type-post","3":"status-publish","4":"format-standard","5":"has-post-thumbnail","7":"category-divertissement","8":"tag-cinema","9":"tag-culture","10":"tag-divertissement","11":"tag-entertainment","12":"tag-fr","13":"tag-france","14":"tag-guerre-russie-ukraine","15":"tag-russie","16":"tag-woody-allen"},"share_on_mastodon":{"url":"https:\/\/pubeurope.com\/@fr\/115094539840243988","error":""},"_links":{"self":[{"href":"https:\/\/www.europesays.com\/fr\/wp-json\/wp\/v2\/posts\/344918","targetHints":{"allow":["GET"]}}],"collection":[{"href":"https:\/\/www.europesays.com\/fr\/wp-json\/wp\/v2\/posts"}],"about":[{"href":"https:\/\/www.europesays.com\/fr\/wp-json\/wp\/v2\/types\/post"}],"author":[{"embeddable":true,"href":"https:\/\/www.europesays.com\/fr\/wp-json\/wp\/v2\/users\/2"}],"replies":[{"embeddable":true,"href":"https:\/\/www.europesays.com\/fr\/wp-json\/wp\/v2\/comments?post=344918"}],"version-history":[{"count":0,"href":"https:\/\/www.europesays.com\/fr\/wp-json\/wp\/v2\/posts\/344918\/revisions"}],"wp:featuredmedia":[{"embeddable":true,"href":"https:\/\/www.europesays.com\/fr\/wp-json\/wp\/v2\/media\/344919"}],"wp:attachment":[{"href":"https:\/\/www.europesays.com\/fr\/wp-json\/wp\/v2\/media?parent=344918"}],"wp:term":[{"taxonomy":"category","embeddable":true,"href":"https:\/\/www.europesays.com\/fr\/wp-json\/wp\/v2\/categories?post=344918"},{"taxonomy":"post_tag","embeddable":true,"href":"https:\/\/www.europesays.com\/fr\/wp-json\/wp\/v2\/tags?post=344918"}],"curies":[{"name":"wp","href":"https:\/\/api.w.org\/{rel}","templated":true}]}}