{"id":34493,"date":"2025-04-18T16:42:23","date_gmt":"2025-04-18T16:42:23","guid":{"rendered":"https:\/\/www.europesays.com\/fr\/34493\/"},"modified":"2025-04-18T16:42:23","modified_gmt":"2025-04-18T16:42:23","slug":"ils-volaient-des-bijoux-dans-des-centres-commerciaux-quatre-hommes-interpelles-a-bobigny","status":"publish","type":"post","link":"https:\/\/www.europesays.com\/fr\/34493\/","title":{"rendered":"Ils volaient des bijoux dans des centres commerciaux, quatre hommes interpell\u00e9s \u00e0 Bobigny"},"content":{"rendered":"<p>C\u2019est un joli coup de filet qu\u2019ont r\u00e9alis\u00e9 les agents de la brigade de r\u00e9pression du banditisme de <a href=\"https:\/\/www.20minutes.fr\/paris\/\" class=\"color-ultramarine c-link\" target=\"_blank\" rel=\"noopener\">Paris<\/a>. Mardi 9\u00a0avril, ils ont en effet r\u00e9ussi \u00e0 interpeller quatre hommes soup\u00e7onn\u00e9s d\u2019avoir commis une s\u00e9rie de vols dans des bijouteries d\u2019\u00cele-de-France, rapporte <a href=\"https:\/\/www.leparisien.fr\/faits-divers\/en-ile-de-france-une-petite-equipe-de-voleurs-ecumait-les-bijouteries-des-centres-commerciaux-16-04-2025-T3BOLBWBRNGVXOJZ63KMPFABYQ.php\" rel=\"nofollow noopener\" target=\"_blank\" class=\"color-ultramarine c-link\">Le Parisien<\/a>.<\/p>\n<p>L\u2019enqu\u00eate avait d\u00e9but\u00e9 quelques jours plus t\u00f4t apr\u00e8s que les suspects, des ressortissants chiliens et colombiens \u00e2g\u00e9s de 31 \u00e0 41 ans, avaient \u00e9t\u00e9 rep\u00e9r\u00e9s dans plusieurs <a href=\"https:\/\/www.20minutes.fr\/dossier\/centre_commercial\" class=\"color-ultramarine c-link\" target=\"_blank\" rel=\"noopener\">centres commerciaux<\/a> de la r\u00e9gion. Ils semblaient cibler les bijouteries.<\/p>\n<p>Une technique \u00e9prouv\u00e9e<\/p>\n<p>Le premier vol avait eu lieu\u00a0le 26\u00a0mars \u00e0 Ormesson-sur-Marne (<a href=\"https:\/\/www.20minutes.fr\/societe\/val-de-marne\/\" class=\"color-ultramarine c-link\" target=\"_blank\" rel=\"noopener\">Val-de-Marne<\/a>). Deux hommes \u00e9taient entr\u00e9s dans la boutique, apr\u00e8s quoi l\u2019un d\u2019eux aurait\u00a0ensuite simul\u00e9 un achat pendant que son complice\u00a0d\u00e9verrouillait les vitrines. Les deux autres, post\u00e9s \u00e0 l\u2019ext\u00e9rieur, veillaient \u00e0 ce que la voie reste libre.<\/p>\n<p>\u00ab\u00a0Ils sont reli\u00e9s entre eux par un syst\u00e8me d\u2019oreillettes Bluetooth\u00a0\u00bb, a confi\u00e9 \u00e0 nos confr\u00e8res une source proche du dossier. En quelques secondes, les <a href=\"https:\/\/www.20minutes.fr\/dossier\/bijoux\" class=\"color-ultramarine c-link\" target=\"_blank\" rel=\"noopener\">bijoux<\/a> avaient disparu et aucune violence n\u2019avait \u00e9t\u00e9 commise.<\/p>\n<p>Plac\u00e9s en garde \u00e0 vue<\/p>\n<p>Le 9 avril, les <a href=\"https:\/\/www.20minutes.fr\/dossier\/policier\" class=\"color-ultramarine c-link\" target=\"_blank\" rel=\"noopener\">policiers<\/a> ont pris les mis en cause en filature alors qu\u2019ils visaient une seconde enseigne, cette fois \u00e0 Pontault-Combault (<a href=\"https:\/\/www.20minutes.fr\/societe\/seine-et-marne\/\" class=\"color-ultramarine c-link\" target=\"_blank\" rel=\"noopener\">Seine-et-Marne<\/a>). Une dizaine de bijoux ont \u00e9t\u00e9 d\u00e9rob\u00e9s pour une valeur estim\u00e9e \u00e0 14.000 euros. D\u00e9j\u00e0 connus de la police pour des faits similaires, les quatre hommes ont \u00e9t\u00e9 appr\u00e9hend\u00e9s dans la foul\u00e9e\u00a0\u00e0 Bobigny.<\/p>\n<\/p>\n<p>Selon le quotidien, les suspects ont \u00e9t\u00e9 plac\u00e9s en <a href=\"https:\/\/www.20minutes.fr\/dossier\/garde_a_vue\" class=\"color-ultramarine c-link\" target=\"_blank\" rel=\"noopener\">garde \u00e0 vue<\/a> dans les locaux de la police judiciaire. Ils ont ensuite \u00e9t\u00e9 d\u00e9f\u00e9r\u00e9s au parquet de Cr\u00e9teil vendredi dernier en vue de leur placement en d\u00e9tention provisoire.<\/p>\n","protected":false},"excerpt":{"rendered":"C\u2019est un joli coup de filet qu\u2019ont r\u00e9alis\u00e9 les agents de la brigade de r\u00e9pression du banditisme de&hellip;\n","protected":false},"author":2,"featured_media":34494,"comment_status":"","ping_status":"","sticky":false,"template":"","format":"standard","meta":{"footnotes":""},"categories":[1592],"tags":[1111,47,11,1777,674,118,1011,27,662,11272,12,626,1072,25,1937,1125,10912],"class_list":{"0":"post-34493","1":"post","2":"type-post","3":"status-publish","4":"format-standard","5":"has-post-thumbnail","7":"category-ile-de-france","8":"tag-actu","9":"tag-actualite","10":"tag-actualites","11":"tag-eu","12":"tag-europe","13":"tag-faits-divers","14":"tag-fr","15":"tag-france","16":"tag-ile-de-france","17":"tag-interpellation","18":"tag-news","19":"tag-paris","20":"tag-police","21":"tag-republique-francaise","22":"tag-seine-et-marne","23":"tag-val-de-marne","24":"tag-voleur"},"share_on_mastodon":{"url":"https:\/\/pubeurope.com\/@fr\/114359968962861346","error":""},"_links":{"self":[{"href":"https:\/\/www.europesays.com\/fr\/wp-json\/wp\/v2\/posts\/34493","targetHints":{"allow":["GET"]}}],"collection":[{"href":"https:\/\/www.europesays.com\/fr\/wp-json\/wp\/v2\/posts"}],"about":[{"href":"https:\/\/www.europesays.com\/fr\/wp-json\/wp\/v2\/types\/post"}],"author":[{"embeddable":true,"href":"https:\/\/www.europesays.com\/fr\/wp-json\/wp\/v2\/users\/2"}],"replies":[{"embeddable":true,"href":"https:\/\/www.europesays.com\/fr\/wp-json\/wp\/v2\/comments?post=34493"}],"version-history":[{"count":0,"href":"https:\/\/www.europesays.com\/fr\/wp-json\/wp\/v2\/posts\/34493\/revisions"}],"wp:featuredmedia":[{"embeddable":true,"href":"https:\/\/www.europesays.com\/fr\/wp-json\/wp\/v2\/media\/34494"}],"wp:attachment":[{"href":"https:\/\/www.europesays.com\/fr\/wp-json\/wp\/v2\/media?parent=34493"}],"wp:term":[{"taxonomy":"category","embeddable":true,"href":"https:\/\/www.europesays.com\/fr\/wp-json\/wp\/v2\/categories?post=34493"},{"taxonomy":"post_tag","embeddable":true,"href":"https:\/\/www.europesays.com\/fr\/wp-json\/wp\/v2\/tags?post=34493"}],"curies":[{"name":"wp","href":"https:\/\/api.w.org\/{rel}","templated":true}]}}