{"id":344939,"date":"2025-08-26T10:29:12","date_gmt":"2025-08-26T10:29:12","guid":{"rendered":"https:\/\/www.europesays.com\/fr\/344939\/"},"modified":"2025-08-26T10:29:12","modified_gmt":"2025-08-26T10:29:12","slug":"rouen-lauteur-dun-rodeo-urbain-sen-prend-a-un-policier-une-plainte-deposee","status":"publish","type":"post","link":"https:\/\/www.europesays.com\/fr\/344939\/","title":{"rendered":"Rouen. L&rsquo;auteur d&rsquo;un rod\u00e9o urbain s&rsquo;en prend \u00e0 un policier : une plainte d\u00e9pos\u00e9e"},"content":{"rendered":"<p>            Par<br \/>\n        <strong><br \/>\n            <a href=\"https:\/\/actu.fr\/auteur\/adrien-filoche\" title=\"Consulter tous les articles de Adrien Filoche\" target=\"_blank\" rel=\"noopener\">Adrien Filoche<\/a><br \/>\n        <\/strong><\/p>\n<p>        Publi\u00e9 le<\/p>\n<p>            26 ao\u00fbt 2025 \u00e0 11h39        <\/p>\n<p>Un homme de 19\u00a0ans a \u00e9t\u00e9 plac\u00e9 en garde \u00e0 vue le lundi 25\u00a0ao\u00fbt 2025 apr\u00e8s avoir commis un rod\u00e9o urbain dans les <a href=\"https:\/\/actu.fr\/tag\/hauts-de-rouen\" target=\"_blank\" rel=\"noopener\">Hauts de Rouen.<\/a> En plus du rod\u00e9o, il a assen\u00e9<strong> des coups de pied \u00e0 un policier<\/strong> venu pour l\u2019interpeller.<\/p>\n<p>Une plainte d\u00e9pos\u00e9e<\/p>\n<p class=\" wall-content\">Il est 18h10 lorsque des policiers de la Bac (brigade anti-criminalit\u00e9) en patrouille rue Galil\u00e9e aper\u00e7oivent le pilote d\u2019un motocross non homologu\u00e9 en plein rod\u00e9o urbain. Selon une source polici\u00e8re, il circule dangereusement sur les trottoirs et <strong>manque de percuter des passants.<\/strong><\/p>\n<p class=\" wall-content\">Les forces de l\u2019ordre le suivent \u00e0 distance et mettent en place un dispositif pour tenter de l\u2019intercepter. Quelques minutes plus tard, le dangereux chauffard stationne sa moto et rejoint un groupe d\u2019individus.<\/p>\n<p class=\" wall-content\">Un des policiers va \u00e0 la rencontre du groupe \u00e0 pied, mais l\u2019agent est identifi\u00e9. Toujours selon notre source, le policier est pris \u00e0 partie par le groupe et re\u00e7oit des coups de pied.<\/p>\n<p class=\" wall-content\">L\u2019auteur du rod\u00e9o est finalement ma\u00eetris\u00e9 et le groupe se disperse. \u00c2g\u00e9 de 19\u00a0ans, le mis en cause est ramen\u00e9 \u00e0 l\u2019h\u00f4tel de police et<strong> plac\u00e9 en garde \u00e0 vue.<\/strong> Son v\u00e9hicule a \u00e9t\u00e9 saisi. Le policier victime de violences a d\u00e9pos\u00e9 plainte.<\/p>\n<p>Suivez l\u2019actualit\u00e9 de Rouen sur <a href=\"https:\/\/www.whatsapp.com\/channel\/0029VaKfnf99hXF2ddApFB1D\" target=\"_blank\" rel=\"noopener\">notre cha\u00eene WhatsApp<\/a> et sur <a href=\"https:\/\/www.tiktok.com\/@76actu.fr?lang=fr\" target=\"_blank\" rel=\"noopener\">notre compte TikTok<\/a><\/p>\n<p class=\" wall-content\">Personnalisez votre actualit\u00e9 en ajoutant vos villes et m\u00e9dias en favori avec <a href=\"https:\/\/moncompte.actu.fr\" title=\"D\u00e9couvez Mon Actu\" rel=\"nofollow noopener\" data-trk=\"{&quot;cta&quot;:{&quot;action&quot;:&quot;https:\\\/\\\/moncompte.actu.fr&quot;,&quot;category&quot;:&quot;mon compte&quot;,&quot;from&quot;:&quot;article footer&quot;,&quot;name&quot;:&quot;Mon actu&quot;,&quot;type&quot;:&quot;cta&quot;}}\" target=\"_blank\">Mon Actu<\/a>.<\/p>\n<p>                    <script async src=\"\/\/www.tiktok.com\/embed.js\"><\/script><\/p>\n","protected":false},"excerpt":{"rendered":"Par Adrien Filoche Publi\u00e9 le 26 ao\u00fbt 2025 \u00e0 11h39 Un homme de 19\u00a0ans a \u00e9t\u00e9 plac\u00e9 en&hellip;\n","protected":false},"author":2,"featured_media":343094,"comment_status":"","ping_status":"","sticky":false,"template":"","format":"standard","meta":{"footnotes":""},"categories":[9587],"tags":[1111,11,1777,674,118,1011,27,12028,12,5161,1072,25,5575,9590],"class_list":{"0":"post-344939","1":"post","2":"type-post","3":"status-publish","4":"format-standard","5":"has-post-thumbnail","7":"category-rouen","8":"tag-actu","9":"tag-actualites","10":"tag-eu","11":"tag-europe","12":"tag-faits-divers","13":"tag-fr","14":"tag-france","15":"tag-hauts-de-rouen","16":"tag-news","17":"tag-normandie","18":"tag-police","19":"tag-republique-francaise","20":"tag-rodeos-urbains","21":"tag-rouen"},"share_on_mastodon":{"url":"https:\/\/pubeurope.com\/@fr\/115094602671318878","error":""},"_links":{"self":[{"href":"https:\/\/www.europesays.com\/fr\/wp-json\/wp\/v2\/posts\/344939","targetHints":{"allow":["GET"]}}],"collection":[{"href":"https:\/\/www.europesays.com\/fr\/wp-json\/wp\/v2\/posts"}],"about":[{"href":"https:\/\/www.europesays.com\/fr\/wp-json\/wp\/v2\/types\/post"}],"author":[{"embeddable":true,"href":"https:\/\/www.europesays.com\/fr\/wp-json\/wp\/v2\/users\/2"}],"replies":[{"embeddable":true,"href":"https:\/\/www.europesays.com\/fr\/wp-json\/wp\/v2\/comments?post=344939"}],"version-history":[{"count":0,"href":"https:\/\/www.europesays.com\/fr\/wp-json\/wp\/v2\/posts\/344939\/revisions"}],"wp:featuredmedia":[{"embeddable":true,"href":"https:\/\/www.europesays.com\/fr\/wp-json\/wp\/v2\/media\/343094"}],"wp:attachment":[{"href":"https:\/\/www.europesays.com\/fr\/wp-json\/wp\/v2\/media?parent=344939"}],"wp:term":[{"taxonomy":"category","embeddable":true,"href":"https:\/\/www.europesays.com\/fr\/wp-json\/wp\/v2\/categories?post=344939"},{"taxonomy":"post_tag","embeddable":true,"href":"https:\/\/www.europesays.com\/fr\/wp-json\/wp\/v2\/tags?post=344939"}],"curies":[{"name":"wp","href":"https:\/\/api.w.org\/{rel}","templated":true}]}}