{"id":344951,"date":"2025-08-26T10:36:12","date_gmt":"2025-08-26T10:36:12","guid":{"rendered":"https:\/\/www.europesays.com\/fr\/344951\/"},"modified":"2025-08-26T10:36:12","modified_gmt":"2025-08-26T10:36:12","slug":"mort-en-direct-du-streamer-jean-pormanove-pres-de-nice-le-gouvernement-veut-mettre-fin-au-ce-far-west-numerique-et-etudie-des-mesures-fortes","status":"publish","type":"post","link":"https:\/\/www.europesays.com\/fr\/344951\/","title":{"rendered":"Mort en direct du streamer Jean Pormanove pr\u00e8s de Nice: le gouvernement veut mettre fin au ce \u00ab\u00a0Far West num\u00e9rique\u00a0\u00bb et \u00e9tudie des mesures \u00ab\u00a0fortes\u00a0\u00bb"},"content":{"rendered":"<p><strong>\u00ab\u00a0Aujourd&rsquo;hui, Kick, j&rsquo;en fais mon combat\u00a0\u00bb,<\/strong> affirme Clara Chappaz, ministre d\u00e9l\u00e9gu\u00e9e charg\u00e9e de l&rsquo;Intelligence artificielle et du Num\u00e9rique, concernant la plateforme australienne sur laquelle\u00a0<a href=\"https:\/\/www.nicematin.com\/faits-divers\/mort-en-direct-le-deces-de-jean-pormanove-n-est-pas-lie-a-l-intervention-d-un-tiers-revele-l-autopsie-998862\" target=\"_blank\" rel=\"noopener\">le streameur Jean Pormanove est d\u00e9c\u00e9d\u00e9 lors d&rsquo;un direct tourn\u00e9 pr\u00e8s de Nice.\u00a0<\/a><\/p>\n<p>\u00ab\u00a0Je veux comprendre en tant que ministre du Num\u00e9rique ce qui a \u00e9t\u00e9 fait, ce qu&rsquo;on peut en apprendre, et surtout comment on renforce nos moyens d&rsquo;agir vite et fort\u00a0\u00bb, ajoute-t-elle, promettant de travailler \u00ab\u00a0sans rel\u00e2che pour mettre fin \u00e0 ce Far West num\u00e9rique\u00a0\u00bb.\u00a0<\/p>\n<p>L&rsquo;Arcom et la Cnil convoqu\u00e9s<\/p>\n<p>Cons\u00e9quence?\u00a0\u00a0Une r\u00e9union, \u00ab\u00a0avec toutes les parties prenantes\u00a0\u00bb se tient ce mardi autour de la ministre avec les r\u00e9gulateurs du web.\u00a0<\/p>\n<p>L&rsquo;Arcom, gendarme fran\u00e7ais du num\u00e9rique, la Commission nationale informatique et libert\u00e9s (Cnil) qui est le gardien de la protection des donn\u00e9es personnelles et du respect de la vie priv\u00e9e, ainsi que les services des minist\u00e8res de la Justice, de l&rsquo;Int\u00e9rieur et de l&rsquo;Economie ont \u00e9t\u00e9 convoqu\u00e9s \u00e0 Bercy pour un \u00ab\u00a0partage d&rsquo;exp\u00e9rience\u00a0\u00bb, a pr\u00e9cis\u00e9 \u00e0 l&rsquo;AFP le cabinet de Mme Chappaz.\u00a0<\/p>\n<p>Rapha\u00ebl Graven, 46 ans, connu sous le pseudo Jean Pormanove, est d\u00e9c\u00e9d\u00e9 \u00e0 Contes lors d&rsquo;une diffusion en direct le 18 ao\u00fbt <a href=\"https:\/\/www.nicematin.com\/faits-divers\/deces-du-streamer-jean-pormanove-pourquoi-la-plateforme-kick-est-dans-la-tourmente-on-fait-le-point-998999\" target=\"_blank\" rel=\"noopener\">sur la plateforme de vid\u00e9os australienne Kick<\/a> apr\u00e8s plus de 12 jours de direct le montrant, ainsi qu&rsquo;un autre homme, violent\u00e9 et humili\u00e9 par deux autres personnes.<\/p>\n<p>Suivie par pr\u00e8s de 200.000 personnes, <strong>la cha\u00eene \u00ab\u00a0Jeanpormanove\u00a0\u00bb montrait depuis des mois Rapha\u00ebl Graven se faire insulter, frapper, tirer les cheveux, menacer<\/strong> ou encore tirer dessus sans protection avec des projectiles de paintball.\u00a0Des contenus sc\u00e9naris\u00e9s, selon les promoteurs de la cha\u00eene.<\/p>\n<p>L&rsquo;inaction de Chappaz critiqu\u00e9e<\/p>\n<p>Si la justice a bien ouvert une enqu\u00eate d\u00e8s d\u00e9cembre 2024 sur ces agissements apr\u00e8s la parution d&rsquo;un article de Mediapart, la ministre Clara Chappaz a \u00e9t\u00e9 vivement critiqu\u00e9e pour ne pas avoir saisi imm\u00e9diatement l&rsquo;Arcom.\u00a0<\/p>\n<p>L&rsquo;organisme ind\u00e9pendant de r\u00e9gulation, qui avait tout de m\u00eame \u00e9t\u00e9 saisi en f\u00e9vrier par la Ligue des droits de l&rsquo;homme, a lui \u00e9t\u00e9 fustig\u00e9 pour avoir tard\u00e9 \u00e0 se pencher sur le dossier. \u00a0<\/p>\n<p>Certains d\u00e9put\u00e9s, comme le d\u00e9put\u00e9 PS Arthur Delaporte, ont mis en cause le manque de moyens du r\u00e9gulateur du num\u00e9rique. \u00a0<\/p>\n<p>\u00ab\u00a0A l&rsquo;Arcom, il y a 23 personnes qui travaillent sur le r\u00e8glement des services num\u00e9riques\u00a0\u00bb, avait-il point\u00e9 la semaine derni\u00e8re sur RMC.<\/p>\n<p>L&rsquo;Arcom n&rsquo;aurait rien pu faire pour emp\u00eacher la diffusion de la cha\u00eene de Jean Pormanove, s&rsquo;est par ailleurs d\u00e9fendu dimanche le pr\u00e9sident de l&rsquo;Arcom Martin Ajdari.<\/p>\n<p>\u00ab\u00a0Ce drame pose bien s\u00fbr \u00e9galement la question de la responsabilit\u00e9 de la plateforme qui a diffus\u00e9 ces images (Kick). Celle-ci n&rsquo;\u00e9tant pas install\u00e9e en\u00a0France, elle\u00a0ne rel\u00e8ve pas de la comp\u00e9tence directe de l&rsquo;Arcom\u00a0\u00bb, a-t-il dit dans une tribune publi\u00e9e par Le Monde.<\/p>\n<p>\u00ab\u00a0Une nouvelle phase dans la r\u00e9gulation du num\u00e9rique est aujourd&rsquo;hui n\u00e9cessaire, pour qu&rsquo;on ne puisse plus, collectivement, passer \u00e0 c\u00f4t\u00e9 d&rsquo;une telle situation\u00a0\u00bb, a-t-il ajout\u00e9.\u00a0<\/p>\n","protected":false},"excerpt":{"rendered":"\u00ab\u00a0Aujourd&rsquo;hui, Kick, j&rsquo;en fais mon combat\u00a0\u00bb, affirme Clara Chappaz, ministre d\u00e9l\u00e9gu\u00e9e charg\u00e9e de l&rsquo;Intelligence artificielle et du Num\u00e9rique,&hellip;\n","protected":false},"author":2,"featured_media":344952,"comment_status":"","ping_status":"","sticky":false,"template":"","format":"standard","meta":{"footnotes":""},"categories":[2819],"tags":[1111,11,1777,674,332,1011,27,12,2401,882,25],"class_list":{"0":"post-344951","1":"post","2":"type-post","3":"status-publish","4":"format-standard","5":"has-post-thumbnail","7":"category-nice","8":"tag-actu","9":"tag-actualites","10":"tag-eu","11":"tag-europe","12":"tag-faits-de-societe","13":"tag-fr","14":"tag-france","15":"tag-news","16":"tag-nice","17":"tag-provence-alpes-cote-dazur","18":"tag-republique-francaise"},"share_on_mastodon":{"url":"https:\/\/pubeurope.com\/@fr\/115094630220826416","error":""},"_links":{"self":[{"href":"https:\/\/www.europesays.com\/fr\/wp-json\/wp\/v2\/posts\/344951","targetHints":{"allow":["GET"]}}],"collection":[{"href":"https:\/\/www.europesays.com\/fr\/wp-json\/wp\/v2\/posts"}],"about":[{"href":"https:\/\/www.europesays.com\/fr\/wp-json\/wp\/v2\/types\/post"}],"author":[{"embeddable":true,"href":"https:\/\/www.europesays.com\/fr\/wp-json\/wp\/v2\/users\/2"}],"replies":[{"embeddable":true,"href":"https:\/\/www.europesays.com\/fr\/wp-json\/wp\/v2\/comments?post=344951"}],"version-history":[{"count":0,"href":"https:\/\/www.europesays.com\/fr\/wp-json\/wp\/v2\/posts\/344951\/revisions"}],"wp:featuredmedia":[{"embeddable":true,"href":"https:\/\/www.europesays.com\/fr\/wp-json\/wp\/v2\/media\/344952"}],"wp:attachment":[{"href":"https:\/\/www.europesays.com\/fr\/wp-json\/wp\/v2\/media?parent=344951"}],"wp:term":[{"taxonomy":"category","embeddable":true,"href":"https:\/\/www.europesays.com\/fr\/wp-json\/wp\/v2\/categories?post=344951"},{"taxonomy":"post_tag","embeddable":true,"href":"https:\/\/www.europesays.com\/fr\/wp-json\/wp\/v2\/tags?post=344951"}],"curies":[{"name":"wp","href":"https:\/\/api.w.org\/{rel}","templated":true}]}}