{"id":344953,"date":"2025-08-26T10:37:10","date_gmt":"2025-08-26T10:37:10","guid":{"rendered":"https:\/\/www.europesays.com\/fr\/344953\/"},"modified":"2025-08-26T10:37:10","modified_gmt":"2025-08-26T10:37:10","slug":"ciotti-un-adversaire-comme-un-autre-selon-estrosi","status":"publish","type":"post","link":"https:\/\/www.europesays.com\/fr\/344953\/","title":{"rendered":"Ciotti \u00ab\u00a0un adversaire comme un autre\u00a0\u00bb, selon Estrosi"},"content":{"rendered":"<p>            Par<br \/>\n        <strong><br \/>\n            <a href=\"https:\/\/actu.fr\/auteur\/manon-reinhardt\" title=\"Consulter tous les articles de Manon Reinhardt\" target=\"_blank\" rel=\"noopener\">Manon Reinhardt<\/a><br \/>\n        <\/strong><\/p>\n<p>        Publi\u00e9 le<\/p>\n<p>            26 ao\u00fbt 2025 \u00e0 12h25        <\/p>\n<p>La campagne \u00e9lectorale n\u2019a pas encore officiellement commenc\u00e9, mais les \u00e9lections municipales sont d\u00e9j\u00e0 au c\u0153ur de l\u2019actualit\u00e9. Ce mardi 26\u00a0ao\u00fbt 2025, le maire de <a href=\"https:\/\/actu.fr\/provence-alpes-cote-d-azur\/nice_06088\" target=\"_blank\" rel=\"noopener\">Nice<\/a> (<a href=\"https:\/\/actu.fr\/provence-alpes-cote-d-azur\/alpes-maritimes_06\" target=\"_blank\" rel=\"noopener\">Alpes-Maritimes<\/a>), Christian Estrosi, \u00e9tait l\u2019invit\u00e9 de la matinale de <a href=\"https:\/\/www.sudradio.fr\/\" target=\"_blank\" rel=\"noopener\">Sud Radio<\/a>. L\u2019occasion d\u2019\u00e9voquer cette \u00e9ch\u00e9ance importante et son plus que probable concurrent, <strong>Eric Ciotti<\/strong>.<\/p>\n<p class=\" wall-content\">Si l\u2019on sait d\u00e9j\u00e0 que le vice-pr\u00e9sident d\u2019Horizons sera candidat \u00e0 sa r\u00e9\u00e9lection, apr\u00e8s trois mandats, le patron de l\u2019Union des droites pour la R\u00e9publique (UDR) n\u2019a pas encore annonc\u00e9 qu\u2019il se lan\u00e7ait dans la course \u00e0 la mairie ni\u00e7oise. Ce ne serait plus qu\u2019une question de jours.<\/p>\n<p class=\" wall-content\">La bataille semble avoir d\u2019ores et d\u00e9j\u00e0 commenc\u00e9.<\/p>\n<p>\u00ab\u2009Je ne suis ennemi de personne\u2009\u00bb<\/p>\n<p class=\" wall-content\">Invit\u00e9 dans la matinale de Sud Radio, ce mardi matin, Christian Estrosi a \u00e9t\u00e9 interrog\u00e9 sur les prochaines \u00e9lections municipales qui devraient se tenir en mars\u00a02026 \u2013 la date officielle n\u2019ayant pas \u00e9t\u00e9 communiqu\u00e9e. Notre confr\u00e8re Jean-Fran\u00e7ois Achilli a notamment \u00e9voqu\u00e9 le \u00ab\u2009duel des fr\u00e8res ennemis Estrosi-Ciotti\u2009\u00bb \u00e0 l\u2019antenne.<\/p>\n<p class=\" wall-content\">\u00ab\u2009Mais moi je ne suis ennemi de personne, et <strong>je ne suis pas en campagne<\/strong> [\u2026] Je n\u2019ai rien \u00e0 dire, c\u2019est un adversaire comme les autres\u2009\u00bb, lui a tout de suite r\u00e9pondu le maire de Nice.<\/p>\n<p class=\" wall-content\">L\u2019\u00e9lu a tout de m\u00eame tenu \u00e0 rappeler que l\u2019ancien pr\u00e9sident LR se trouve <a href=\"https:\/\/actu.fr\/provence-alpes-cote-d-azur\/nice_06088\/nice-eric-ciotti-dans-le-viseur-de-la-justice-pour-de-troublants-fichiers-informatiques_63029172.html\" target=\"_blank\" rel=\"noopener\">sous le coup d\u2019une enqu\u00eate judiciaire<\/a> pour des faits pr\u00e9sum\u00e9s \u00ab\u2009d\u2019enregistrement ou conservation de donn\u00e9es \u00e0 caract\u00e8re personnel sensibles sans le consentement des int\u00e9ress\u00e9s\u2009\u00bb. Selon les r\u00e9v\u00e9lations de <a href=\"https:\/\/www.liberation.fr\/politique\/flic-confession-juive-sourd-les-fichiers-trop-informes-deric-ciotti-sur-des-nicois-influents-20250812_NPESDV3YMVHELD3GC2S4BZT7V4\/\" target=\"_blank\" rel=\"noopener\">Lib\u00e9ration<\/a> le 12\u00a0ao\u00fbt dernier, de nombreuses personnalit\u00e9s ni\u00e7oises auraient \u00e9t\u00e9 fich\u00e9es selon leur religieuse ou ethnique, leur situation de handicap\u2009et leur situation financi\u00e8re ou patrimoniale sur un fichier Excel.<\/p>\n<p class=\" wall-content\">\n<p>Il tacle Ciotti sur l\u2019affaire des fichages<\/p>\n<p class=\" wall-content\">\u00ab\u2009Je lui ai pos\u00e9 une question il y a quelques jours de cela sur l\u2019affaire des fichages, qui ont \u00e9t\u00e9 r\u00e9v\u00e9l\u00e9s par un certain nombre de vos confr\u00e8res. Est-ce que c\u2019est vrai ou c\u2019est faux\u2009? Si c\u2019est faux, il faut le dire\u2009\u00bb, a lanc\u00e9 l\u2019\u00e9dile. Eric Ciotti a d\u2019ailleurs annonc\u00e9 <strong>d\u00e9poser une plainte<\/strong> contre son futur adversaire pour diffamation.<\/p>\n<p>Votre r\u00e9gion, votre actu !<\/p>\n<p>Recevez chaque jour les infos qui comptent pour vous.<\/p>\n<p>\t<a href=\"https:\/\/actu.fr\/newsletter\" class=\"ac-btn ac-btn--corner ac-btn--medium ac-btn--blue800\" target=\"_blank\" rel=\"noopener\">S&rsquo;incrire<\/a><\/p>\n<p class=\" wall-content\">\n<p class=\" wall-content\">\u00ab\u2009C\u2019\u00e9tait tellement plus simple de me dire que c\u2019\u00e9tait faux\u2009\u00bb, a encha\u00een\u00e9 Christian Estrosi en fustigeant\u2009: \u00ab\u2009Quand on commence \u00e0 ficher des gens pour leur appartenance politique, pour leur appartenance religieuse, pour l\u2019\u00e9tat de leur patrimoine et j\u2019en passe et des meilleurs, je me dis que les Ni\u00e7oises et les Ni\u00e7ois [\u2026] ont beaucoup \u00e0 craindre de ce c\u00f4t\u00e9\u2009\u00bb.<\/p>\n<p class=\" wall-content\">Aucun doute, la prochaine campagne \u00e9lectorale s\u2019annonce muscl\u00e9e.<\/p>\n<p class=\" wall-content\">Personnalisez votre actualit\u00e9 en ajoutant vos villes et m\u00e9dias en favori avec <a href=\"https:\/\/moncompte.actu.fr\" title=\"D\u00e9couvez Mon Actu\" rel=\"nofollow noopener\" data-trk=\"{&quot;cta&quot;:{&quot;action&quot;:&quot;https:\\\/\\\/moncompte.actu.fr&quot;,&quot;category&quot;:&quot;mon compte&quot;,&quot;from&quot;:&quot;article footer&quot;,&quot;name&quot;:&quot;Mon actu&quot;,&quot;type&quot;:&quot;cta&quot;}}\" target=\"_blank\">Mon Actu<\/a>.<\/p>\n","protected":false},"excerpt":{"rendered":"Par Manon Reinhardt Publi\u00e9 le 26 ao\u00fbt 2025 \u00e0 12h25 La campagne \u00e9lectorale n\u2019a pas encore officiellement commenc\u00e9,&hellip;\n","protected":false},"author":2,"featured_media":17574,"comment_status":"","ping_status":"","sticky":false,"template":"","format":"standard","meta":{"footnotes":""},"categories":[2819],"tags":[1111,11,2397,4188,6537,1777,674,1011,27,3434,12,2401,316,882,25],"class_list":{"0":"post-344953","1":"post","2":"type-post","3":"status-publish","4":"format-standard","5":"has-post-thumbnail","7":"category-nice","8":"tag-actu","9":"tag-actualites","10":"tag-christian-estrosi","11":"tag-elections-municipales","12":"tag-eric-ciotti","13":"tag-eu","14":"tag-europe","15":"tag-fr","16":"tag-france","17":"tag-municipales-2026","18":"tag-news","19":"tag-nice","20":"tag-politique","21":"tag-provence-alpes-cote-dazur","22":"tag-republique-francaise"},"share_on_mastodon":{"url":"https:\/\/pubeurope.com\/@fr\/115094634078219795","error":""},"_links":{"self":[{"href":"https:\/\/www.europesays.com\/fr\/wp-json\/wp\/v2\/posts\/344953","targetHints":{"allow":["GET"]}}],"collection":[{"href":"https:\/\/www.europesays.com\/fr\/wp-json\/wp\/v2\/posts"}],"about":[{"href":"https:\/\/www.europesays.com\/fr\/wp-json\/wp\/v2\/types\/post"}],"author":[{"embeddable":true,"href":"https:\/\/www.europesays.com\/fr\/wp-json\/wp\/v2\/users\/2"}],"replies":[{"embeddable":true,"href":"https:\/\/www.europesays.com\/fr\/wp-json\/wp\/v2\/comments?post=344953"}],"version-history":[{"count":0,"href":"https:\/\/www.europesays.com\/fr\/wp-json\/wp\/v2\/posts\/344953\/revisions"}],"wp:featuredmedia":[{"embeddable":true,"href":"https:\/\/www.europesays.com\/fr\/wp-json\/wp\/v2\/media\/17574"}],"wp:attachment":[{"href":"https:\/\/www.europesays.com\/fr\/wp-json\/wp\/v2\/media?parent=344953"}],"wp:term":[{"taxonomy":"category","embeddable":true,"href":"https:\/\/www.europesays.com\/fr\/wp-json\/wp\/v2\/categories?post=344953"},{"taxonomy":"post_tag","embeddable":true,"href":"https:\/\/www.europesays.com\/fr\/wp-json\/wp\/v2\/tags?post=344953"}],"curies":[{"name":"wp","href":"https:\/\/api.w.org\/{rel}","templated":true}]}}