{"id":344954,"date":"2025-08-26T10:38:10","date_gmt":"2025-08-26T10:38:10","guid":{"rendered":"https:\/\/www.europesays.com\/fr\/344954\/"},"modified":"2025-08-26T10:38:10","modified_gmt":"2025-08-26T10:38:10","slug":"contre-sens-exces-de-vitesse-conduite-sans-permis-et-refus-dobtemperer-pour-un-automobiliste-a-nantes","status":"publish","type":"post","link":"https:\/\/www.europesays.com\/fr\/344954\/","title":{"rendered":"Contre-sens, exc\u00e8s de vitesse, conduite sans permis et refus d&rsquo;obtemp\u00e9rer pour un automobiliste \u00e0 Nantes"},"content":{"rendered":"<p>Un homme a \u00e9t\u00e9 arr\u00eat\u00e9 lundi soir, quartier des Dervalli\u00e8res \u00e0 Nantes, apr\u00e8s avoir multipli\u00e9 les infractions routi\u00e8res. Il a \u00e9t\u00e9 plac\u00e9 en garde \u00e0 vue dans la soir\u00e9e du 25 ao\u00fbt.<\/p>\n<p>Cet automobiliste a multipli\u00e9 les infractions au code de la route, ce lundi 25 ao\u00fbt, aux alentours de 20h entre le boulevard du Tertre, \u00e0 Saint-Herblain, et le quartier des Dervalli\u00e8res, tout \u00e0 c\u00f4t\u00e9 \u00e0 Nantes. Les policiers le rep\u00e8rent roulant \u00e0 contre-sens boulevard du Tertre. L&rsquo;homme refuse de s&rsquo;arr\u00eater et poursuit son chemin, se retrouvant \u00e0 un moment dans le bon sens de circulation, mais en acc\u00e9l\u00e9rant, le tout sur le p\u00e9riph\u00e9rique. Sa vitesse est alors estim\u00e9e \u00e0 150 km\/h. Lorsque la patrouille arrive \u00e0 faire immobiliser le v\u00e9hicule, ils d\u00e9couvrent que l&rsquo;homme au volant roule sans avoir le permis. Il a \u00e9t\u00e9 plac\u00e9 en garde \u00e0 vue.<\/p>\n","protected":false},"excerpt":{"rendered":"Un homme a \u00e9t\u00e9 arr\u00eat\u00e9 lundi soir, quartier des Dervalli\u00e8res \u00e0 Nantes, apr\u00e8s avoir multipli\u00e9 les infractions routi\u00e8res.&hellip;\n","protected":false},"author":2,"featured_media":344955,"comment_status":"","ping_status":"","sticky":false,"template":"","format":"standard","meta":{"footnotes":""},"categories":[2818],"tags":[1111,11,1777,674,1011,27,766,12,2636,25],"class_list":{"0":"post-344954","1":"post","2":"type-post","3":"status-publish","4":"format-standard","5":"has-post-thumbnail","7":"category-nantes","8":"tag-actu","9":"tag-actualites","10":"tag-eu","11":"tag-europe","12":"tag-fr","13":"tag-france","14":"tag-nantes","15":"tag-news","16":"tag-pays-de-la-loire","17":"tag-republique-francaise"},"share_on_mastodon":{"url":"https:\/\/pubeurope.com\/@fr\/115094638017058591","error":""},"_links":{"self":[{"href":"https:\/\/www.europesays.com\/fr\/wp-json\/wp\/v2\/posts\/344954","targetHints":{"allow":["GET"]}}],"collection":[{"href":"https:\/\/www.europesays.com\/fr\/wp-json\/wp\/v2\/posts"}],"about":[{"href":"https:\/\/www.europesays.com\/fr\/wp-json\/wp\/v2\/types\/post"}],"author":[{"embeddable":true,"href":"https:\/\/www.europesays.com\/fr\/wp-json\/wp\/v2\/users\/2"}],"replies":[{"embeddable":true,"href":"https:\/\/www.europesays.com\/fr\/wp-json\/wp\/v2\/comments?post=344954"}],"version-history":[{"count":0,"href":"https:\/\/www.europesays.com\/fr\/wp-json\/wp\/v2\/posts\/344954\/revisions"}],"wp:featuredmedia":[{"embeddable":true,"href":"https:\/\/www.europesays.com\/fr\/wp-json\/wp\/v2\/media\/344955"}],"wp:attachment":[{"href":"https:\/\/www.europesays.com\/fr\/wp-json\/wp\/v2\/media?parent=344954"}],"wp:term":[{"taxonomy":"category","embeddable":true,"href":"https:\/\/www.europesays.com\/fr\/wp-json\/wp\/v2\/categories?post=344954"},{"taxonomy":"post_tag","embeddable":true,"href":"https:\/\/www.europesays.com\/fr\/wp-json\/wp\/v2\/tags?post=344954"}],"curies":[{"name":"wp","href":"https:\/\/api.w.org\/{rel}","templated":true}]}}