{"id":344956,"date":"2025-08-26T10:39:11","date_gmt":"2025-08-26T10:39:11","guid":{"rendered":"https:\/\/www.europesays.com\/fr\/344956\/"},"modified":"2025-08-26T10:39:11","modified_gmt":"2025-08-26T10:39:11","slug":"racing-fc-nantes-1-0-mamadou-sarr-est-votre-homme-du-match-dna","status":"publish","type":"post","link":"https:\/\/www.europesays.com\/fr\/344956\/","title":{"rendered":"Racing-FC Nantes (1-0) : Mamadou Sarr est votre homme du match DNA"},"content":{"rendered":"<p>Vous avez d\u00e9sign\u00e9 Mamadou Sarr homme du match Derni\u00e8res Nouvelles d\u2019Alsace apr\u00e8s la victoire face au FC Nantes (1-0).<\/p>\n<p>Roc ! Belle performance de Mamadou Sarr face \u00e0 Nantes. Plac\u00e9 dans un trio d\u00e9fensif avec Andrew Omobamidele (puis Junior Mwanga apr\u00e8s la sortie sur blessure de l\u2019Irlandais) et Isma\u00ebl Doukour\u00e9, le num\u00e9ro 23 a agi en patron, d\u00e9fensivement ou \u00e0 la relance. Plus de 96% de r\u00e9ussite \u00e0 la passe (deuxi\u00e8me meilleur pourcentage du match pour un titulaire), 11 duels gagn\u00e9s (deuxi\u00e8me du match) et cinq ballons r\u00e9cup\u00e9r\u00e9s (troisi\u00e8me de la rencontre) notamment. Le capitaine, jusqu\u2019\u00e0 l\u2019entr\u00e9e d\u2019Emanuel Emegha \u00e0 la pause, poursuit sur la lanc\u00e9e de la saison derni\u00e8re durant laquelle il avait fait forte impression. Une r\u00e9compense pleinement m\u00e9rit\u00e9e.<\/p>\n<p>Valent\u00edn Barco, m\u00e9tronome du jeu strasbourgeois, et Emanuel Emegha, auteur de l\u2019unique but de la rencontre, compl\u00e8tent le podium.<\/p>\n<p>Votre Top 3 de #RCSAFCN<\/p>\n<ol>\n<li><strong>Mamadou Sarr (23,63%)<\/strong><\/li>\n<li>Karl-Johan Johnsson (22,32%)<\/li>\n<li>Emanuel Emegha (15,27%)<\/li>\n<\/ol>\n","protected":false},"excerpt":{"rendered":"Vous avez d\u00e9sign\u00e9 Mamadou Sarr homme du match Derni\u00e8res Nouvelles d\u2019Alsace apr\u00e8s la victoire face au FC Nantes&hellip;\n","protected":false},"author":2,"featured_media":344957,"comment_status":"","ping_status":"","sticky":false,"template":"","format":"standard","meta":{"footnotes":""},"categories":[2818],"tags":[1111,11,1777,674,1011,27,766,12,2636,25],"class_list":{"0":"post-344956","1":"post","2":"type-post","3":"status-publish","4":"format-standard","5":"has-post-thumbnail","7":"category-nantes","8":"tag-actu","9":"tag-actualites","10":"tag-eu","11":"tag-europe","12":"tag-fr","13":"tag-france","14":"tag-nantes","15":"tag-news","16":"tag-pays-de-la-loire","17":"tag-republique-francaise"},"share_on_mastodon":{"url":"https:\/\/pubeurope.com\/@fr\/115094642044634516","error":""},"_links":{"self":[{"href":"https:\/\/www.europesays.com\/fr\/wp-json\/wp\/v2\/posts\/344956","targetHints":{"allow":["GET"]}}],"collection":[{"href":"https:\/\/www.europesays.com\/fr\/wp-json\/wp\/v2\/posts"}],"about":[{"href":"https:\/\/www.europesays.com\/fr\/wp-json\/wp\/v2\/types\/post"}],"author":[{"embeddable":true,"href":"https:\/\/www.europesays.com\/fr\/wp-json\/wp\/v2\/users\/2"}],"replies":[{"embeddable":true,"href":"https:\/\/www.europesays.com\/fr\/wp-json\/wp\/v2\/comments?post=344956"}],"version-history":[{"count":0,"href":"https:\/\/www.europesays.com\/fr\/wp-json\/wp\/v2\/posts\/344956\/revisions"}],"wp:featuredmedia":[{"embeddable":true,"href":"https:\/\/www.europesays.com\/fr\/wp-json\/wp\/v2\/media\/344957"}],"wp:attachment":[{"href":"https:\/\/www.europesays.com\/fr\/wp-json\/wp\/v2\/media?parent=344956"}],"wp:term":[{"taxonomy":"category","embeddable":true,"href":"https:\/\/www.europesays.com\/fr\/wp-json\/wp\/v2\/categories?post=344956"},{"taxonomy":"post_tag","embeddable":true,"href":"https:\/\/www.europesays.com\/fr\/wp-json\/wp\/v2\/tags?post=344956"}],"curies":[{"name":"wp","href":"https:\/\/api.w.org\/{rel}","templated":true}]}}