{"id":344960,"date":"2025-08-26T10:41:11","date_gmt":"2025-08-26T10:41:11","guid":{"rendered":"https:\/\/www.europesays.com\/fr\/344960\/"},"modified":"2025-08-26T10:41:11","modified_gmt":"2025-08-26T10:41:11","slug":"la-victime-toujours-dans-le-coma-son-conjoint-relache-sous-controle-judiciaire","status":"publish","type":"post","link":"https:\/\/www.europesays.com\/fr\/344960\/","title":{"rendered":"la victime toujours dans le coma, son conjoint rel\u00e2ch\u00e9 sous contr\u00f4le judiciaire"},"content":{"rendered":"<p>Ce dimanche, un ostr\u00e9iculteur de 44 ans a \u00e9t\u00e9 mis en examen apr\u00e8s avoir frapp\u00e9 violemment sa femme d\u2019un coup de poing. Il a \u00e9t\u00e9 rel\u00e2ch\u00e9 hier sous contr\u00f4le judiciaire et le parquet de Bordeaux a annonc\u00e9 faire appel de cette d\u00e9cision. La victime, elle, est toujours dans le coma.<\/p>\n<p class=\"fig-paragraph\">Hier soir, le parquet de\u00a0<a href=\"http:\/\/www.lefigaro.fr\/bordeaux\/chemsex-apres-la-mort-d-un-homme-a-bordeaux-son-dealer-ecope-de-quatre-ans-de-prison-20250825\" data-fig-type=\"NewsFlash\" data-gtm-custom-categorie=\"navigation\" data-gtm-custom-action=\"crossclick\" data-gtm-custom-label=\"Contextuel\" data-gtm-event=\"customEventSPE\" data-fig-domain=\"LEFIGARO\" target=\"_blank\" rel=\"noopener\">Bordeaux<\/a>\u00a0a confirm\u00e9 le placement sous contr\u00f4le judiciaire d\u2019un homme de 44 ans, et pr\u00e9cise qu\u2019il \u00aba relev\u00e9 appel de cette d\u00e9cision\u00bb. Le quadrag\u00e9naire, ostr\u00e9iculteur de m\u00e9tier, est suspect\u00e9 d\u2019avoir donn\u00e9\u00a0<a href=\"http:\/\/www.lefigaro.fr\/bordeaux\/gironde-une-femme-dans-le-coma-apres-une-violente-agression-son-conjoint-mis-en-examen-20250825\" data-fig-type=\"NewsFlash\" data-gtm-custom-categorie=\"navigation\" data-gtm-custom-action=\"crossclick\" data-gtm-custom-label=\"Contextuel\" data-gtm-event=\"customEventSPE\" data-fig-domain=\"LEFIGARO\" target=\"_blank\" rel=\"noopener\">un violent coup de poing \u00e0 sa conjointe<\/a>, dans la soir\u00e9e de jeudi, \u00e0 La Teste-de-Buch (Gironde). Il est toujours mis en examen pour violences volontaires ayant entra\u00een\u00e9 une infirmit\u00e9 permanente sur conjoint.<\/p>\n<p class=\"fig-paragraph\">Une violente\u00a0<a href=\"http:\/\/www.lefigaro.fr\/culture\/une-scene-de-dispute-entre-scarlett-johansson-et-d-adam-driver-utilisee-pour-faire-fuir-les-loups-aux-etats-unis-20250806\" target=\"_blank\" data-fig-type=\"Article\" rel=\"noopener\" data-gtm-custom-categorie=\"navigation\" data-gtm-custom-action=\"crossclick\" data-gtm-custom-label=\"Contextuel\" data-gtm-event=\"customEventSPE\" data-fig-domain=\"LEFIGARO\">dispute<\/a>\u00a0a \u00e9clat\u00e9 entre un couple devant leur domicile, situ\u00e9 dans le quartier du port du Rocher, \u00e0 l\u2019issue d\u2019une soir\u00e9e. La femme aurait gifl\u00e9 son compagnon, qui lui aurait alors r\u00e9pondu par un coup de poing. Elle s\u2019est alors effondr\u00e9e au sol, inconsciente, sa t\u00eate heurtant violemment le bitume.<\/p>\n<p>                                    <a class=\"fig-a11y-skip a11y-hidden\" href=\"#fig-a11y-skip-main-inarticle\"><br \/>\n        Passer la publicit\u00e9<br \/>\n    <\/a><\/p>\n<p>La victime entre la vie et la mort<\/p>\n<p class=\"fig-paragraph\">Ce mardi, la victime, elle aussi \u00e2g\u00e9 de 44 ans, se trouve toujours dans le coma, entre la vie et la mort. En cas de r\u00e9veil, elle pourrait conserver de lourdes s\u00e9quelles neurologiques.<\/p>\n<p class=\"fig-paragraph\">L\u2019auteur pr\u00e9sum\u00e9 des faits avait \u00e9t\u00e9 interpell\u00e9 vendredi soir. En garde \u00e0 vue, il avait d\u2019abord \u00e9voqu\u00e9 un accident domestique. Mais le t\u00e9moignage d\u2019une jeune fille, amie de la fille du couple et t\u00e9moin direct de la sc\u00e8ne, a permis de faire la lumi\u00e8re sur les \u00e9v\u00e9nements. C\u2019est elle qui s\u2019est rendue au commissariat de Bordeaux pour raconter ce qu\u2019elle avait vu.<\/p>\n<p class=\"fig-paragraph\">L\u2019homme a finalement reconnu qu\u2019une altercation avait bien eu lieu, mais a affirm\u00e9 ne pas se souvenir de son geste, invoquant une forte consommation d\u2019alcool ce soir-l\u00e0.<\/p>\n","protected":false},"excerpt":{"rendered":"Ce dimanche, un ostr\u00e9iculteur de 44 ans a \u00e9t\u00e9 mis en examen apr\u00e8s avoir frapp\u00e9 violemment sa femme&hellip;\n","protected":false},"author":2,"featured_media":344961,"comment_status":"","ping_status":"","sticky":false,"template":"","format":"standard","meta":{"footnotes":""},"categories":[2817],"tags":[1111,11,1997,1777,674,1011,27,12,2219,25,2949,798],"class_list":{"0":"post-344960","1":"post","2":"type-post","3":"status-publish","4":"format-standard","5":"has-post-thumbnail","7":"category-bordeaux","8":"tag-actu","9":"tag-actualites","10":"tag-bordeaux","11":"tag-eu","12":"tag-europe","13":"tag-fr","14":"tag-france","15":"tag-news","16":"tag-nouvelle-aquitaine","17":"tag-republique-francaise","18":"tag-violences","19":"tag-violences-conjugales"},"share_on_mastodon":{"url":"https:\/\/pubeurope.com\/@fr\/115094649860999010","error":""},"_links":{"self":[{"href":"https:\/\/www.europesays.com\/fr\/wp-json\/wp\/v2\/posts\/344960","targetHints":{"allow":["GET"]}}],"collection":[{"href":"https:\/\/www.europesays.com\/fr\/wp-json\/wp\/v2\/posts"}],"about":[{"href":"https:\/\/www.europesays.com\/fr\/wp-json\/wp\/v2\/types\/post"}],"author":[{"embeddable":true,"href":"https:\/\/www.europesays.com\/fr\/wp-json\/wp\/v2\/users\/2"}],"replies":[{"embeddable":true,"href":"https:\/\/www.europesays.com\/fr\/wp-json\/wp\/v2\/comments?post=344960"}],"version-history":[{"count":0,"href":"https:\/\/www.europesays.com\/fr\/wp-json\/wp\/v2\/posts\/344960\/revisions"}],"wp:featuredmedia":[{"embeddable":true,"href":"https:\/\/www.europesays.com\/fr\/wp-json\/wp\/v2\/media\/344961"}],"wp:attachment":[{"href":"https:\/\/www.europesays.com\/fr\/wp-json\/wp\/v2\/media?parent=344960"}],"wp:term":[{"taxonomy":"category","embeddable":true,"href":"https:\/\/www.europesays.com\/fr\/wp-json\/wp\/v2\/categories?post=344960"},{"taxonomy":"post_tag","embeddable":true,"href":"https:\/\/www.europesays.com\/fr\/wp-json\/wp\/v2\/tags?post=344960"}],"curies":[{"name":"wp","href":"https:\/\/api.w.org\/{rel}","templated":true}]}}