{"id":344962,"date":"2025-08-26T10:42:11","date_gmt":"2025-08-26T10:42:11","guid":{"rendered":"https:\/\/www.europesays.com\/fr\/344962\/"},"modified":"2025-08-26T10:42:11","modified_gmt":"2025-08-26T10:42:11","slug":"info-la-depeche-cocaine-ketamine-cannabis-plusieurs-kilos-de-drogues-saisis-a-toulouse-deux-hommes-interpelles","status":"publish","type":"post","link":"https:\/\/www.europesays.com\/fr\/344962\/","title":{"rendered":"INFO LA D\u00c9P\u00caCHE. Coca\u00efne, k\u00e9tamine, cannabis\u2026 plusieurs kilos de drogues saisis \u00e0 Toulouse, deux hommes interpell\u00e9s"},"content":{"rendered":"<p>\n                                                                    l&rsquo;essentiel<br \/>\n                                                                Une intervention de la brigade anticriminalit\u00e9, vendredi 23\u00a0ao\u00fbt \u00e0 Toulouse, a conduit \u00e0 la saisie de plusieurs kilos de stup\u00e9fiants dans un appartement du quartier Saint-Agne. Deux hommes, \u00e2g\u00e9s de 20 et 31 ans, doivent \u00eatre jug\u00e9s en comparution imm\u00e9diate.\n                            <\/p>\n<p data-end=\"605\" data-start=\"296\">Le moteur tourne \u00e0 l\u2019arr\u00eat. \u00c0 l\u2019avant d\u2019une voiture, un couple patiente. En fin d\u2019apr\u00e8s-midi, le 23\u00a0ao\u00fbt, dans une rue du quartier Saint-Agne \u00e0 Toulouse, un troisi\u00e8me homme s\u2019approche. Il ouvre la porti\u00e8re arri\u00e8re et s\u2019installe, serrant contre lui un sac plastique opaque.<\/p>\n<p class=\"std-elt__inline\">\n        <strong>\u00c0 lire aussi :<\/strong><br \/>\n        <a href=\"https:\/\/www.ladepeche.fr\/2025\/08\/21\/la-vie-dans-le-quartier-est-devenue-un-desastre-mines-par-les-fusillades-a-repetition-sur-fond-de-trafic-de-drogue-les-habitants-de-lapanouse-revent-12886369.php\" rel=\"nofollow noopener\" target=\"_blank\">\u00ab\u00a0La vie dans le quartier est devenue un d\u00e9sastre\u00a0\u00bb\u2026 Min\u00e9s par les fusillades \u00e0 r\u00e9p\u00e9tition sur fond de trafic de drogue, les habitants de Lapanouse r\u00eavent d\u2019exode<\/a>\n    <\/p>\n<p data-end=\"943\" data-start=\"607\">Tapi dans l\u2019ombre, un \u00e9quipage de la brigade anticriminalit\u00e9 (BAC) observait la sc\u00e8ne. En quelques secondes, les policiers se d\u00e9voilent et encerclent la voiture. La fouille est sommaire\u00a0: un peu de coca\u00efne, de l\u2019herbe, quelques grammes de r\u00e9sine et des sachets d\u2019ecstasy.<\/p>\n<p>Une large gamme de drogues<\/p>\n<p data-end=\"1505\" data-start=\"945\">Dans le v\u00e9hicule, les fonctionnaires d\u00e9couvrent d\u00e9j\u00e0 160 grammes d\u2019herbe, 30 grammes de r\u00e9sine et cinq sachets d\u2019ecstasy. Les perquisitions r\u00e9v\u00e8lent ensuite l\u2019ampleur du trafic. Un appartement\u00a0a \u00e9t\u00e9 transform\u00e9 en entrep\u00f4t, o\u00f9 s\u2019amoncellent stup\u00e9fiants et liasses de billets. L\u2019inventaire\u00a0: 1,3 kilo de coca\u00efne, 900 grammes d\u2019herbe, 300 grammes de r\u00e9sine, 850 grammes de k\u00e9tamine, 700 grammes de speed, 360 grammes de 2-MMC, 180 sachets d\u2019ecstasy, 200 buvards de LSD et une cinquantaine de cachets de 2C-B. Plus de 10\u00a0000\u00a0euros en liquide s\u2019ajoutent aux saisies.<\/p>\n<p class=\"std-elt__inline\">\n        <strong>\u00c0 lire aussi :<\/strong><br \/>\n        <a href=\"https:\/\/www.ladepeche.fr\/2025\/08\/13\/13-kilos-de-resine-de-cannabis-3-100-euros-en-liquide-a-toulouse-un-trafiquant-de-drogue-arrete-en-flagrant-delit-12874243.php\" rel=\"nofollow noopener\" target=\"_blank\">13 kilos de r\u00e9sine de cannabis, 3\u00a0100\u00a0euros en liquide\u2026 \u00e0 Toulouse, un trafiquant de drogue arr\u00eat\u00e9 en flagrant d\u00e9lit<\/a>\n    <\/p>\n<p data-end=\"1872\" data-start=\"1507\">Deux hommes qui se trouvaient dans le logement sont interpell\u00e9s, puis mis hors de cause. Au terme des auditions, deux suspects sont retenus dans l\u2019affaire\u00a0: un jeune de 20 ans, d\u00e9j\u00e0 connu de la police, qui affirme n\u2019avoir \u00e9t\u00e9 qu\u2019une \u00ab\u00a0nourrice\u00a0\u00bb, et un trentenaire qui reconna\u00eet avoir gravi les \u00e9chelons, de simple gardien de la drogue \u00e0 vendeur. Tous deux doivent \u00eatre jug\u00e9s en comparution imm\u00e9diate ce mardi.<\/p>\n","protected":false},"excerpt":{"rendered":"l&rsquo;essentiel Une intervention de la brigade anticriminalit\u00e9, vendredi 23\u00a0ao\u00fbt \u00e0 Toulouse, a conduit \u00e0 la saisie de plusieurs&hellip;\n","protected":false},"author":2,"featured_media":344963,"comment_status":"","ping_status":"","sticky":false,"template":"","format":"standard","meta":{"footnotes":""},"categories":[2816],"tags":[1111,11,1777,674,1011,27,12,2680,25,2312],"class_list":{"0":"post-344962","1":"post","2":"type-post","3":"status-publish","4":"format-standard","5":"has-post-thumbnail","7":"category-toulouse","8":"tag-actu","9":"tag-actualites","10":"tag-eu","11":"tag-europe","12":"tag-fr","13":"tag-france","14":"tag-news","15":"tag-occitanie","16":"tag-republique-francaise","17":"tag-toulouse"},"share_on_mastodon":{"url":"https:\/\/pubeurope.com\/@fr\/115094657019550839","error":""},"_links":{"self":[{"href":"https:\/\/www.europesays.com\/fr\/wp-json\/wp\/v2\/posts\/344962","targetHints":{"allow":["GET"]}}],"collection":[{"href":"https:\/\/www.europesays.com\/fr\/wp-json\/wp\/v2\/posts"}],"about":[{"href":"https:\/\/www.europesays.com\/fr\/wp-json\/wp\/v2\/types\/post"}],"author":[{"embeddable":true,"href":"https:\/\/www.europesays.com\/fr\/wp-json\/wp\/v2\/users\/2"}],"replies":[{"embeddable":true,"href":"https:\/\/www.europesays.com\/fr\/wp-json\/wp\/v2\/comments?post=344962"}],"version-history":[{"count":0,"href":"https:\/\/www.europesays.com\/fr\/wp-json\/wp\/v2\/posts\/344962\/revisions"}],"wp:featuredmedia":[{"embeddable":true,"href":"https:\/\/www.europesays.com\/fr\/wp-json\/wp\/v2\/media\/344963"}],"wp:attachment":[{"href":"https:\/\/www.europesays.com\/fr\/wp-json\/wp\/v2\/media?parent=344962"}],"wp:term":[{"taxonomy":"category","embeddable":true,"href":"https:\/\/www.europesays.com\/fr\/wp-json\/wp\/v2\/categories?post=344962"},{"taxonomy":"post_tag","embeddable":true,"href":"https:\/\/www.europesays.com\/fr\/wp-json\/wp\/v2\/tags?post=344962"}],"curies":[{"name":"wp","href":"https:\/\/api.w.org\/{rel}","templated":true}]}}