{"id":344966,"date":"2025-08-26T10:44:12","date_gmt":"2025-08-26T10:44:12","guid":{"rendered":"https:\/\/www.europesays.com\/fr\/344966\/"},"modified":"2025-08-26T10:44:12","modified_gmt":"2025-08-26T10:44:12","slug":"un-grand-marche-nocturne-organise-ce-samedi-en-bord-de-deule-tout-pres-de-lille","status":"publish","type":"post","link":"https:\/\/www.europesays.com\/fr\/344966\/","title":{"rendered":"Un grand march\u00e9 nocturne organis\u00e9 ce samedi en bord de De\u00fble, tout pr\u00e8s de Lille"},"content":{"rendered":"<p>            Par<br \/>\n        <strong><br \/>\n            <a href=\"https:\/\/actu.fr\/auteur\/nicolas-demollien\" title=\"Consulter tous les articles de Nicolas Demollien\" rel=\"nofollow noopener\" target=\"_blank\">Nicolas Demollien<\/a><br \/>\n        <\/strong><\/p>\n<p>        Publi\u00e9 le<\/p>\n<p>            26 ao\u00fbt 2025 \u00e0 12h10        <\/p>\n<p>C\u2019est un \u00e9v\u00e9nement dont le succ\u00e8s ne se d\u00e9ment pas au fil de l\u2019\u00e9t\u00e9 ! Ce samedi 30 ao\u00fbt 2025, un <b>nouveau march\u00e9 nocturne<\/b> se d\u00e9roulera \u00e0 <a href=\"https:\/\/actu.fr\/hauts-de-france\/lambersart_59328\" rel=\"nofollow noopener\" target=\"_blank\">Lambersart<\/a>, tout pr\u00e8s de <a href=\"https:\/\/actu.fr\/hauts-de-france\/lille_59350\" rel=\"nofollow noopener\" target=\"_blank\">Lille<\/a> (Nord). Vous y trouverez de <b>nombreux stands<\/b> dans le <b>cadre verdoyant<\/b> des <b>bords de De\u00fble<\/b>.<\/p>\n<p>Les bords de De\u00fble accueillent un march\u00e9 nocturne ce samedi<\/p>\n<p class=\" wall-content\">L\u2019\u00e9v\u00e9nement se d\u00e9roulera de 16h \u00e0 22h, sur la <b>plaine du Colys\u00e9e<\/b>. L\u2019occasion de passer un bon moment mais aussi de faire de belles d\u00e9couvertes.<\/p>\n<p class=\" wall-content\">Vous trouverez en effet sur place <b>des dizaines d\u2019exposants<\/b> : commer\u00e7ants, producteurs et cr\u00e9ateurs qui proposeront des objets r\u00e9alis\u00e9s avec talents ou des produits artisanaux et locaux.<\/p>\n<p class=\" wall-content\">Cet \u00e9v\u00e9nement, au-del\u00e0 d\u2019offrir une balade des plus sympathiques, vous permettra de <b>discuter avec ces passionn\u00e9s<\/b>.<\/p>\n<p class=\" wall-content\">Et pour que la f\u00eate soit compl\u00e8te, vous pourrez vous restaurer et\/ou boire un verre sur place. D\u00e9cid\u00e9ment, un tr\u00e8s bon moment en perspective !<\/p>\n<p>    <a href=\"https:\/\/www.facebook.com\/plugins\/post.php?href=https%3A%2F%2Fwww.facebook.com%2Fpermalink.php%3Fstory_fbid%3Dpfbid0ouHCkYuP6SusPx1645cxChqvKetH73oBsUuykTfxNWJhbSjx7zgqjPogoH4iTHQrl%26id%3D100083499784712&amp;show_text=true&amp;width=350\" title=\"Ouvrie le lien\" rel=\"nofollow noopener\" target=\"_blank\">Cliquez ici pour visualiser le contenu<\/a><\/p>\n<p class=\" wall-content\">Plus d\u2019infos sur l\u2019\u00e9v\u00e9nement sur le site <a href=\"https:\/\/lambersart.fr\/marche-nocturne\" rel=\"nofollow noopener\" target=\"_blank\">lambersart.fr<\/a><\/p>\n<p class=\" wall-content\">Personnalisez votre actualit\u00e9 en ajoutant vos villes et m\u00e9dias en favori avec <a href=\"https:\/\/moncompte.actu.fr\" title=\"D\u00e9couvez Mon Actu\" rel=\"nofollow noopener\" data-trk=\"{&quot;cta&quot;:{&quot;action&quot;:&quot;https:\\\/\\\/moncompte.actu.fr&quot;,&quot;category&quot;:&quot;mon compte&quot;,&quot;from&quot;:&quot;article footer&quot;,&quot;name&quot;:&quot;Mon actu&quot;,&quot;type&quot;:&quot;cta&quot;}}\" target=\"_blank\">Mon Actu<\/a>.<\/p>\n","protected":false},"excerpt":{"rendered":"Par Nicolas Demollien Publi\u00e9 le 26 ao\u00fbt 2025 \u00e0 12h10 C\u2019est un \u00e9v\u00e9nement dont le succ\u00e8s ne se&hellip;\n","protected":false},"author":2,"featured_media":344967,"comment_status":"","ping_status":"","sticky":false,"template":"","format":"standard","meta":{"footnotes":""},"categories":[2815],"tags":[1111,11,1777,674,1011,27,811,1307,1652,2089,12,25],"class_list":{"0":"post-344966","1":"post","2":"type-post","3":"status-publish","4":"format-standard","5":"has-post-thumbnail","7":"category-lille","8":"tag-actu","9":"tag-actualites","10":"tag-eu","11":"tag-europe","12":"tag-fr","13":"tag-france","14":"tag-hauts-de-france","15":"tag-lille","16":"tag-loisirs-culture","17":"tag-marche","18":"tag-news","19":"tag-republique-francaise"},"share_on_mastodon":{"url":"","error":""},"_links":{"self":[{"href":"https:\/\/www.europesays.com\/fr\/wp-json\/wp\/v2\/posts\/344966","targetHints":{"allow":["GET"]}}],"collection":[{"href":"https:\/\/www.europesays.com\/fr\/wp-json\/wp\/v2\/posts"}],"about":[{"href":"https:\/\/www.europesays.com\/fr\/wp-json\/wp\/v2\/types\/post"}],"author":[{"embeddable":true,"href":"https:\/\/www.europesays.com\/fr\/wp-json\/wp\/v2\/users\/2"}],"replies":[{"embeddable":true,"href":"https:\/\/www.europesays.com\/fr\/wp-json\/wp\/v2\/comments?post=344966"}],"version-history":[{"count":0,"href":"https:\/\/www.europesays.com\/fr\/wp-json\/wp\/v2\/posts\/344966\/revisions"}],"wp:featuredmedia":[{"embeddable":true,"href":"https:\/\/www.europesays.com\/fr\/wp-json\/wp\/v2\/media\/344967"}],"wp:attachment":[{"href":"https:\/\/www.europesays.com\/fr\/wp-json\/wp\/v2\/media?parent=344966"}],"wp:term":[{"taxonomy":"category","embeddable":true,"href":"https:\/\/www.europesays.com\/fr\/wp-json\/wp\/v2\/categories?post=344966"},{"taxonomy":"post_tag","embeddable":true,"href":"https:\/\/www.europesays.com\/fr\/wp-json\/wp\/v2\/tags?post=344966"}],"curies":[{"name":"wp","href":"https:\/\/api.w.org\/{rel}","templated":true}]}}