{"id":344970,"date":"2025-08-26T10:46:12","date_gmt":"2025-08-26T10:46:12","guid":{"rendered":"https:\/\/www.europesays.com\/fr\/344970\/"},"modified":"2025-08-26T10:46:12","modified_gmt":"2025-08-26T10:46:12","slug":"arterra-lart-du-santon-au-panier","status":"publish","type":"post","link":"https:\/\/www.europesays.com\/fr\/344970\/","title":{"rendered":"Arterra, l&rsquo;art du santon au Panier"},"content":{"rendered":"<p>Chez Arterra, au c\u0153ur du Panier, la vierge Marie c\u00f4toie une marchande de santons, un p\u00eacheur \u00e0 la ligne voisine avec Vincent Van Gogh. Hautes de sept \u00e0 trente centim\u00e8tres, ces figurines de cr\u00e8che, rois mages ou bergers, dispos\u00e9es sur les \u00e9tag\u00e8res repr\u00e9sentent la soci\u00e9t\u00e9 proven\u00e7ale du XIXe\u00a0si\u00e8cle. Du proven\u00e7al \u00ab\u00a0santoun\u00a0\u00bb signifiant \u00ab\u00a0petit saint\u00a0\u00bb, <a href=\"https:\/\/www.laprovence.com\/article\/region\/1745470458685115\/un-santon-provencal-doit-etre-fabrique-en-provence-et-pas-ailleurs-vers-la-creation-dun-label\" target=\"_blank\" rel=\"nofollow noopener\">ces santons model\u00e9s en argile d\u00e9corent les cr\u00e8ches de No\u00ebl<\/a>.<\/p>\n<p>Ici, les yeux sont dessin\u00e9s et les pattes des animaux d\u00e9tour\u00e9es, la marque de fabrique de Christophe Hernandez, fondateur d\u2019Arterra\u00a0: \u00ab\u00a0\u00c7a demande plus de temps, mais c\u2019est beaucoup plus pr\u00e9cis.\u00a0\u00bb<\/p>\n<p>240 mod\u00e8les<\/p>\n<p>Deux associ\u00e9s, l\u2019amour de la Provence et un r\u00eave\u00a0: voil\u00e0 le terreau qui a donn\u00e9 naissance \u00e0 Arterra, en\u00a01996. Natif de la Belle-de-Mai, Christophe Hernandez s\u2019est rem\u00e9mor\u00e9 la foire aux santons de son enfance et son go\u00fbt pour l\u2019argile. Autodidacte, il parvient \u00e0 la transformer depuis 30 en pr\u00e8s de 240 mod\u00e8les, revendus dans une soixantaine de boutiques. \u00ab\u00a0On a le droit de vous prendre en photo\u00a0?\u00a0\u00bb, s\u2019enquiert une touriste quinquag\u00e9naire curieuse. \u00ab\u00a0Oui\u00a0!\u00a0\u00bb, r\u00e9pond une d\u00e9coratrice, attel\u00e9e \u00e0 la peinture d\u2019un \u00e9l\u00e9phanteau. Car chez Arterra, l\u2019atelier est ouvert pour permettre aux clients d\u2019&#8230;<\/p>\n","protected":false},"excerpt":{"rendered":"Chez Arterra, au c\u0153ur du Panier, la vierge Marie c\u00f4toie une marchande de santons, un p\u00eacheur \u00e0 la&hellip;\n","protected":false},"author":2,"featured_media":344971,"comment_status":"","ping_status":"","sticky":false,"template":"","format":"standard","meta":{"footnotes":""},"categories":[2814],"tags":[17,1111,11,48112,1777,674,22842,1011,27,3053,884,12,14455,882,16,25,23026,521],"class_list":{"0":"post-344970","1":"post","2":"type-post","3":"status-publish","4":"format-standard","5":"has-post-thumbnail","7":"category-marseille","8":"tag-17","9":"tag-actu","10":"tag-actualites","11":"tag-arterra","12":"tag-eu","13":"tag-europe","14":"tag-fabrique","15":"tag-fr","16":"tag-france","17":"tag-lart","18":"tag-marseille","19":"tag-news","20":"tag-notre","21":"tag-provence-alpes-cote-dazur","22":"tag-region","23":"tag-republique-francaise","24":"tag-santon","25":"tag-serie"},"share_on_mastodon":{"url":"https:\/\/pubeurope.com\/@fr\/115094669560369597","error":""},"_links":{"self":[{"href":"https:\/\/www.europesays.com\/fr\/wp-json\/wp\/v2\/posts\/344970","targetHints":{"allow":["GET"]}}],"collection":[{"href":"https:\/\/www.europesays.com\/fr\/wp-json\/wp\/v2\/posts"}],"about":[{"href":"https:\/\/www.europesays.com\/fr\/wp-json\/wp\/v2\/types\/post"}],"author":[{"embeddable":true,"href":"https:\/\/www.europesays.com\/fr\/wp-json\/wp\/v2\/users\/2"}],"replies":[{"embeddable":true,"href":"https:\/\/www.europesays.com\/fr\/wp-json\/wp\/v2\/comments?post=344970"}],"version-history":[{"count":0,"href":"https:\/\/www.europesays.com\/fr\/wp-json\/wp\/v2\/posts\/344970\/revisions"}],"wp:featuredmedia":[{"embeddable":true,"href":"https:\/\/www.europesays.com\/fr\/wp-json\/wp\/v2\/media\/344971"}],"wp:attachment":[{"href":"https:\/\/www.europesays.com\/fr\/wp-json\/wp\/v2\/media?parent=344970"}],"wp:term":[{"taxonomy":"category","embeddable":true,"href":"https:\/\/www.europesays.com\/fr\/wp-json\/wp\/v2\/categories?post=344970"},{"taxonomy":"post_tag","embeddable":true,"href":"https:\/\/www.europesays.com\/fr\/wp-json\/wp\/v2\/tags?post=344970"}],"curies":[{"name":"wp","href":"https:\/\/api.w.org\/{rel}","templated":true}]}}