{"id":344984,"date":"2025-08-26T10:55:10","date_gmt":"2025-08-26T10:55:10","guid":{"rendered":"https:\/\/www.europesays.com\/fr\/344984\/"},"modified":"2025-08-26T10:55:10","modified_gmt":"2025-08-26T10:55:10","slug":"un-individu-suspecte-davoir-viole-une-ukrainienne-sur-le-champ-de-mars","status":"publish","type":"post","link":"https:\/\/www.europesays.com\/fr\/344984\/","title":{"rendered":"un individu suspect\u00e9 d\u2019avoir viol\u00e9 une Ukrainienne sur le Champ-de-Mars"},"content":{"rendered":"<p>Un homme se disant n\u00e9 en 2008 en Libye, dont l\u2019identit\u00e9 est en cours de v\u00e9rification, a \u00e9t\u00e9 plac\u00e9 en garde \u00e0 vue dans la nuit de lundi \u00e0 mardi.<\/p>\n<p class=\"fig-paragraph\">Un homme se disant n\u00e9 en 2008 en Libye, et dont l\u2019identit\u00e9 est en cours de v\u00e9rification, se trouve actuellement en garde \u00e0 vue pour des suspicions de viol. Les faits ont eu lieu sur\u00a0<a href=\"https:\/\/www.lefigaro.fr\/actualite-france\/le-quartier-de-la-tour-eiffel-mine-par-l-insecurite-20220421\" target=\"_blank\" data-fig-type=\"Article\" rel=\"noopener\" data-gtm-custom-categorie=\"navigation\" data-gtm-custom-action=\"crossclick\" data-gtm-custom-label=\"Contextuel\" data-gtm-event=\"customEventSPE\" data-fig-domain=\"LEFIGARO\">le Champ-de-Mars<\/a>\u00a0(Paris 7e) dans la nuit de lundi \u00e0 mardi.<\/p>\n<p class=\"fig-paragraph\">Des policiers de la brigade anticriminalit\u00e9 (BAC) ont interpell\u00e9 le suspect, alcoolis\u00e9, vers 1 heure 40 du matin. Il est soup\u00e7onn\u00e9 d\u2019avoir entra\u00een\u00e9 de force une Ukrainienne de 32 ans dans des buissons avant de lui faire subir des attouchements et de la violer digitalement.<\/p>\n<p>                                    <a class=\"fig-a11y-skip a11y-hidden\" href=\"#fig-a11y-skip-main-inarticle\"><br \/>\n        Passer la publicit\u00e9<br \/>\n    <\/a><\/p>\n<p class=\"fig-paragraph\">\u00abLa victime n\u2019\u00e9tant pas francophone et \u00e9tant alcoolis\u00e9e lors de l\u2019intervention des policiers doit \u00eatre r\u00e9entendue afin de pouvoir s\u2019exprimer sur ce qu\u2019il s\u2019est pass\u00e9\u00bb, indique le parquet de Paris au Figaro. Une enqu\u00eate a \u00e9t\u00e9 confi\u00e9e au 3e district de police judiciaire (3e DPJ) pour \u00e9claircir les faits, pr\u00e9cise le parquet.<\/p>\n","protected":false},"excerpt":{"rendered":"Un homme se disant n\u00e9 en 2008 en Libye, dont l\u2019identit\u00e9 est en cours de v\u00e9rification, a \u00e9t\u00e9&hellip;\n","protected":false},"author":2,"featured_media":344985,"comment_status":"","ping_status":"","sticky":false,"template":"","format":"standard","meta":{"footnotes":""},"categories":[1888],"tags":[11,8258,1777,674,1011,27,12,626,25,1265],"class_list":{"0":"post-344984","1":"post","2":"type-post","3":"status-publish","4":"format-standard","5":"has-post-thumbnail","7":"category-paris","8":"tag-actualites","9":"tag-champ-de-mars","10":"tag-eu","11":"tag-europe","12":"tag-fr","13":"tag-france","14":"tag-news","15":"tag-paris","16":"tag-republique-francaise","17":"tag-viol"},"share_on_mastodon":{"url":"https:\/\/pubeurope.com\/@fr\/115094704894494158","error":""},"_links":{"self":[{"href":"https:\/\/www.europesays.com\/fr\/wp-json\/wp\/v2\/posts\/344984","targetHints":{"allow":["GET"]}}],"collection":[{"href":"https:\/\/www.europesays.com\/fr\/wp-json\/wp\/v2\/posts"}],"about":[{"href":"https:\/\/www.europesays.com\/fr\/wp-json\/wp\/v2\/types\/post"}],"author":[{"embeddable":true,"href":"https:\/\/www.europesays.com\/fr\/wp-json\/wp\/v2\/users\/2"}],"replies":[{"embeddable":true,"href":"https:\/\/www.europesays.com\/fr\/wp-json\/wp\/v2\/comments?post=344984"}],"version-history":[{"count":0,"href":"https:\/\/www.europesays.com\/fr\/wp-json\/wp\/v2\/posts\/344984\/revisions"}],"wp:featuredmedia":[{"embeddable":true,"href":"https:\/\/www.europesays.com\/fr\/wp-json\/wp\/v2\/media\/344985"}],"wp:attachment":[{"href":"https:\/\/www.europesays.com\/fr\/wp-json\/wp\/v2\/media?parent=344984"}],"wp:term":[{"taxonomy":"category","embeddable":true,"href":"https:\/\/www.europesays.com\/fr\/wp-json\/wp\/v2\/categories?post=344984"},{"taxonomy":"post_tag","embeddable":true,"href":"https:\/\/www.europesays.com\/fr\/wp-json\/wp\/v2\/tags?post=344984"}],"curies":[{"name":"wp","href":"https:\/\/api.w.org\/{rel}","templated":true}]}}