{"id":344987,"date":"2025-08-26T10:57:12","date_gmt":"2025-08-26T10:57:12","guid":{"rendered":"https:\/\/www.europesays.com\/fr\/344987\/"},"modified":"2025-08-26T10:57:12","modified_gmt":"2025-08-26T10:57:12","slug":"la-participation-de-woody-allen-a-un-festival-de-cinema-russe-denoncee-par-lukraine","status":"publish","type":"post","link":"https:\/\/www.europesays.com\/fr\/344987\/","title":{"rendered":"la participation de Woody Allen \u00e0 un festival de cin\u00e9ma russe d\u00e9nonc\u00e9e par l&rsquo;Ukraine"},"content":{"rendered":"\n<p class=\"c-chapo \">\n  Woody Allen, ma\u00eetre de la com\u00e9die et de la satire sociale, ne tourne quasiment plus aux \u00c9tats-Unis. Il a vu la quasi-totalit\u00e9 de la profession lui tourner le dos depuis que sa fille adoptive, Dylan Farrow, l&rsquo;accuse de l&rsquo;avoir agress\u00e9e sexuellement lorsqu&rsquo;elle \u00e9tait enfant.\n<\/p>\n<p>            lire plus tard<\/p>\n<p id=\"dialog__title\" class=\"dialog__title\">Pour sauvegarder cet article, connectez-vous ou cr\u00e9ez un compte franceinfo<\/p>\n<p class=\"dialog__description\">Sans paiement. Sans abonnement.<\/p>\n<p>        Fermer la fen\u00eatre d\u2019activation des notifications France Info<\/p>\n<p>            cr\u00e9er votre compte<\/p>\n<p>            se connecter<\/p>\n<p>        Fermer la fen\u00eatre de pr\u00e9sentation<\/p>\n<p>    <img loading=\"lazy\" decoding=\"async\" class=\"signature__image lazyload\" width=\"100\" height=\"100\" data- alt=\"\" src=\"https:\/\/www.europesays.com\/fr\/wp-content\/uploads\/2025\/05\/64abd44855ee1_placeholder-36b69ec8.png\"\/><\/p>\n<p>          France T\u00e9l\u00e9visions &#8211; R\u00e9daction Culture<\/p>\n<p>    Publi\u00e9 le 26\/08\/2025 11:59<\/p>\n<p>        Temps de lecture : 2min<\/p>\n<p>    <img decoding=\"async\"  alt=\"Le r\u00e9alisateur Woody Allen, lors de la premi\u00e8re de son film &quot;Coup de chance&quot;, \u00e0 la Mostra de Venise, le 4\u00a0septembre\u00a02023. (VIANNEY LE CAER\u00a0\/\u00a0AP\u00a0\/\u00a0SIPA)\" width=\"432\" height=\"243\" src=\"https:\/\/www.europesays.com\/fr\/wp-content\/uploads\/2025\/08\/sipa-ap22979073-000001-68ad7eab6c59d248593528.jpg\" fetchpriority=\"high\"\/><\/p>\n<p>      Le r\u00e9alisateur Woody Allen, lors de la premi\u00e8re de son film \u00ab\u00a0Coup de chance\u00a0\u00bb, \u00e0 la Mostra de Venise, le 4\u00a0septembre\u00a02023. (VIANNEY LE CAER\u00a0\/\u00a0AP\u00a0\/\u00a0SIPA)<\/p>\n<p>L&rsquo;Ukraine a d\u00e9nonc\u00e9 lundi\u00a025\u00a0ao\u00fbt la participation par visioconf\u00e9rence du c\u00e9l\u00e8bre r\u00e9alisateur am\u00e9ricain Woody Allen \u00e0 un festival de cin\u00e9ma en Russie, estimant qu&rsquo;il s&rsquo;agissait d&rsquo;une \u00ab\u00a0insulte\u00a0\u00bb aux victimes de l&rsquo;invasion russe.<\/p>\n<p>Le cin\u00e9aste, \u00e2g\u00e9 de 89\u00a0ans et r\u00e9pudi\u00e9 par une grande partie de son industrie en raison d&rsquo;accusations d&rsquo;agression sexuelle contre sa fille adoptive, s&rsquo;est exprim\u00e9 dimanche lors d&rsquo;un \u00e9v\u00e9nement en ligne de la Semaine du film international de Moscou.<\/p>\n<p>Le minist\u00e8re ukrainien des Affaires \u00e9trang\u00e8res a estim\u00e9 que sa participation constituait \u00ab\u00a0une honte et une insulte au sacrifice des acteurs et cin\u00e9astes ukrainiens qui ont \u00e9t\u00e9 tu\u00e9s ou bless\u00e9s par des criminels de guerre russes\u00a0\u00bb. Woody Allen \u00ab\u00a0choisit de fermer les yeux sur les atrocit\u00e9s que la Russie commet en Ukraine\u00a0\u00bb, a d\u00e9nonc\u00e9 le minist\u00e8re, estimant que la culture ne devait jamais \u00ab\u00a0\u00eatre utilis\u00e9e pour blanchir des crimes\u00a0\u00bb.<\/p>\n<p>L&rsquo;Ukraine, que la Russie a attaqu\u00e9 en f\u00e9vrier\u00a02022, r\u00e9clame l&rsquo;isolement total du pays sur la sc\u00e8ne internationale, y compris dans les domaines de la culture et du sport. Kiev d\u00e9nonce donc syst\u00e9matiquement les participations de personnalit\u00e9s occidentales \u00e0 des \u00e9v\u00e9nements en Russie, qui restent cependant rares depuis le d\u00e9but de la guerre.<\/p>\n<p>La conf\u00e9rence \u00e0 laquelle a particip\u00e9 Woody Allen \u00e9tait mod\u00e9r\u00e9e par le r\u00e9alisateur russe Fiodor Bondartchouk, soutien du pr\u00e9sident Vladimir Poutine. Lors de cette session, Woody Allen a affirm\u00e9 qu&rsquo;il envisagerait de tourner en Russie si cela lui \u00e9tait propos\u00e9, selon l&rsquo;agence de presse d&rsquo;\u00c9tat Ria Novosti.<\/p>\n<p>\u00ab\u00a0Si de telles propositions existaient, je m&rsquo;assi\u00e9rais et r\u00e9fl\u00e9chirais \u00e0 un sc\u00e9nario sur le bien-\u00eatre que l&rsquo;on peut ressentir \u00e0 Moscou et \u00e0 Saint-P\u00e9tersbourg\u00a0\u00bb, a-t-il dit. Selon Ria Novosti, Woody Allen a \u00e9voqu\u00e9 un voyage \u00ab\u00a0pas tr\u00e8s agr\u00e9able\u00a0\u00bb au temps de l&rsquo;Union sovi\u00e9tique, en ajoutant que depuis \u00ab\u00a0tout avait chang\u00e9, la Russie est devenue merveilleuse\u00a0\u00bb.<\/p>\n<p>Woody Allen, ma\u00eetre de la com\u00e9die et de la satire sociale, ne tourne quasiment plus aux \u00c9tats-Unis. Il a vu la quasi-totalit\u00e9 de la profession lui tourner le dos depuis que <a href=\"https:\/\/www.franceinfo.fr\/monde\/ameriques\/woody-allen-dement-les-accusations-d-agression-sexuelle-de-sa-fille-adoptive_520619.html\" data-tooltip-url=\"https:\/\/www.franceinfo.fr\/monde\/ameriques\/woody-allen-dement-les-accusations-d-agression-sexuelle-de-sa-fille-adoptive_520619.html\" rel=\"nofollow noopener\" target=\"_blank\">sa fille adoptive, Dylan Farrow, l&rsquo;accuse de l&rsquo;avoir agress\u00e9e sexuellement<\/a> lorsqu&rsquo;elle \u00e9tait enfant.<\/p>\n","protected":false},"excerpt":{"rendered":"Woody Allen, ma\u00eetre de la com\u00e9die et de la satire sociale, ne tourne quasiment plus aux \u00c9tats-Unis. Il&hellip;\n","protected":false},"author":2,"featured_media":344988,"comment_status":"","ping_status":"","sticky":false,"template":"","format":"standard","meta":{"footnotes":""},"categories":[1590],"tags":[11,1777,674,12,220],"class_list":{"0":"post-344987","1":"post","2":"type-post","3":"status-publish","4":"format-standard","5":"has-post-thumbnail","7":"category-ukraine","8":"tag-actualites","9":"tag-eu","10":"tag-europe","11":"tag-news","12":"tag-ukraine"},"share_on_mastodon":{"url":"https:\/\/pubeurope.com\/@fr\/115094713191545132","error":""},"_links":{"self":[{"href":"https:\/\/www.europesays.com\/fr\/wp-json\/wp\/v2\/posts\/344987","targetHints":{"allow":["GET"]}}],"collection":[{"href":"https:\/\/www.europesays.com\/fr\/wp-json\/wp\/v2\/posts"}],"about":[{"href":"https:\/\/www.europesays.com\/fr\/wp-json\/wp\/v2\/types\/post"}],"author":[{"embeddable":true,"href":"https:\/\/www.europesays.com\/fr\/wp-json\/wp\/v2\/users\/2"}],"replies":[{"embeddable":true,"href":"https:\/\/www.europesays.com\/fr\/wp-json\/wp\/v2\/comments?post=344987"}],"version-history":[{"count":0,"href":"https:\/\/www.europesays.com\/fr\/wp-json\/wp\/v2\/posts\/344987\/revisions"}],"wp:featuredmedia":[{"embeddable":true,"href":"https:\/\/www.europesays.com\/fr\/wp-json\/wp\/v2\/media\/344988"}],"wp:attachment":[{"href":"https:\/\/www.europesays.com\/fr\/wp-json\/wp\/v2\/media?parent=344987"}],"wp:term":[{"taxonomy":"category","embeddable":true,"href":"https:\/\/www.europesays.com\/fr\/wp-json\/wp\/v2\/categories?post=344987"},{"taxonomy":"post_tag","embeddable":true,"href":"https:\/\/www.europesays.com\/fr\/wp-json\/wp\/v2\/tags?post=344987"}],"curies":[{"name":"wp","href":"https:\/\/api.w.org\/{rel}","templated":true}]}}